{"id":77376,"date":"2008-10-28T03:00:00","date_gmt":"2008-10-28T05:00:00","guid":{"rendered":"http:\/\/martineziuliano.com.ar\/web\/vuelve-el-corralito-ii\/"},"modified":"2008-10-28T03:00:00","modified_gmt":"2008-10-28T05:00:00","slug":"vuelve-el-corralito-ii-2","status":"publish","type":"post","link":"https:\/\/ic.tecnopc.com.ar\/index.php\/2008\/10\/28\/vuelve-el-corralito-ii-2\/","title":{"rendered":"VUELVE EL CORRALITO II"},"content":{"rendered":"<div>\n<div><span style=\"color: #0000ff;\">Piden volver a la doble indemnizaci\u00f3n y reabrir paritarias  para fomentar el consumo y que crezcan las empresas<\/span><\/div>\n<div><\/div>\n<\/p><\/div>\n<div>(Nota del Estudio) &#8212; Ante la ola de noticias period\u00edsticas,  nuestro departamento de derecho laboral informa:<\/div>\n<div>* Sigue vigente la Ley  24.013, que obliga a comunicar al Ministerio de Trabajo despidos del 15% del  total de empleados, para empresas de hasta 400 operarios<br \/>* Hasta 1.000  empleados, es el 10% y m\u00e1s de 1.000 empleados, el 5%<br \/>* S\u00f3lo rige esta  obligaci\u00f3n para los despidos por causa de fuerza mayor<br \/>* La obligaci\u00f3n de  inofrmar al Ministerio los despidos (sin causa) siempre estuvo vigente, pero no  se aplica en la pr\u00e1ctica  &#8212;&#8212;&#8212;&#8212;&#8212;&#8212;&#8212;&#8212;&#8212;&#8212;&#8212;&#8212;&#8212;&#8212;&#8212;&#8212;&#8212;&#8212;&#8212;&#8212;&#8212;&#8212;&#8212;&#8212;&#8212;&#8212;&#8212;&#8212;&#8212;&#8212;&#8212;&#8212;&#8212;&#8212;&#8212;&#8212;&#8212;&#8212;&#8212;&#8212;&#8212;&#8212;&#8212;&#8212;&#8212;&#8212;&#8212;&#8212;-<br \/>Buenos  Aires, 28 octubre (NA) &#8212; El titular del Sindicato Unico de Trabajadores de  Edificios de Renta y Horizontal (SUTERH), V\u00edctor Santamar\u00eda, advirti\u00f3 que para  preservar las fuentes de trabajo ante la crisis financiera internacional &#8220;la  clave es volver a la doble indemnizaci\u00f3n&#8221;. <br \/>Tambi\u00e9n reclam\u00f3 &#8220;abrir las  paritarias&#8221; para mejorar el poder adquisitivo de los trabajadores y fomentar el  consumo interno de manera que los &#8220;empresarios tambi\u00e9n crezcan&#8221;. <br \/>&#8220;Tarde o  temprano la crisis tendr\u00e1 algunas consecuencias, aunque la Argentina est\u00e1 mejor  preparada que otros pa\u00edses&#8221;, sostuvo Santamar\u00eda, al tiempo que se\u00f1al\u00f3 que &#8220;la  clave es volver a la doble indemnizaci\u00f3n&#8221;. <br \/>Seg\u00fan dijo, si no se cuida el  empleo &#8220;el empresario no tendr\u00eda qui\u00e9n le compre&#8221;, en momentos en que se plantea  &#8220;un escenario en el que se habla de recesi\u00f3n interna&#8221;. <br \/>Por eso, en  declaraciones radiales, el titular del SUTERH reclam\u00f3 &#8220;abrir las paritarias&#8221;  para mejorar el poder adquisitivo de los trabajadores y &#8220;reactivar el mercado  interno&#8221;. <br \/>&#8220;Necesitamos empresarios que crezcan, y empresarios nuevos, con  nuevas ramas de industrias y servicios, que empiecen a trabajar por el pa\u00eds en  vez de seguir especulando&#8221;, asever\u00f3. <br \/>En tal sentido, el gremialista subray\u00f3  que &#8220;la Argentina de hoy tiene muchas alternativas, de discutir, de salir  adelante&#8221;.<\/div>\n","protected":false},"excerpt":{"rendered":"<div>\n<div><span style=\"color: #0000ff;\">Piden volver a la doble indemnizaci\u00f3n y reabrir paritarias  para fomentar el consumo y que crezcan las empresas<\/span><\/div>\n<div><\/div>\n<\/p><\/div>\n<div>(Nota del Estudio) &#8212; Ante la ola de noticias period\u00edsticas,  nuestro departamento de derecho laboral informa:<\/div>\n<div>\n","protected":false},"author":1,"featured_media":73547,"comment_status":"closed","ping_status":"open","sticky":false,"template":"","format":"standard","meta":{"footnotes":""},"categories":[3],"tags":[],"class_list":["post-77376","post","type-post","status-publish","format-standard","has-post-thumbnail","hentry","category-ultimas-noticias"],"_links":{"self":[{"href":"https:\/\/ic.tecnopc.com.ar\/index.php\/wp-json\/wp\/v2\/posts\/77376","targetHints":{"allow":["GET"]}}],"collection":[{"href":"https:\/\/ic.tecnopc.com.ar\/index.php\/wp-json\/wp\/v2\/posts"}],"about":[{"href":"https:\/\/ic.tecnopc.com.ar\/index.php\/wp-json\/wp\/v2\/types\/post"}],"author":[{"embeddable":true,"href":"https:\/\/ic.tecnopc.com.ar\/index.php\/wp-json\/wp\/v2\/users\/1"}],"replies":[{"embeddable":true,"href":"https:\/\/ic.tecnopc.com.ar\/index.php\/wp-json\/wp\/v2\/comments?post=77376"}],"version-history":[{"count":0,"href":"https:\/\/ic.tecnopc.com.ar\/index.php\/wp-json\/wp\/v2\/posts\/77376\/revisions"}],"wp:featuredmedia":[{"embeddable":true,"href":"https:\/\/ic.tecnopc.com.ar\/index.php\/wp-json\/"}],"wp:attachment":[{"href":"https:\/\/ic.tecnopc.com.ar\/index.php\/wp-json\/wp\/v2\/media?parent=77376"}],"wp:term":[{"taxonomy":"category","embeddable":true,"href":"https:\/\/ic.tecnopc.com.ar\/index.php\/wp-json\/wp\/v2\/categories?post=77376"},{"taxonomy":"post_tag","embeddable":true,"href":"https:\/\/ic.tecnopc.com.ar\/index.php\/wp-json\/wp\/v2\/tags?post=77376"}],"curies":[{"name":"wp","href":"https:\/\/api.w.org\/{rel}","templated":true}]}}