{"id":77390,"date":"2009-01-29T03:00:00","date_gmt":"2009-01-29T05:00:00","guid":{"rendered":"http:\/\/martineziuliano.com.ar\/web\/scioli-anuncio-para-pymes\/"},"modified":"2009-01-29T03:00:00","modified_gmt":"2009-01-29T05:00:00","slug":"scioli-anuncio-para-pymes-2","status":"publish","type":"post","link":"https:\/\/ic.tecnopc.com.ar\/index.php\/2009\/01\/29\/scioli-anuncio-para-pymes-2\/","title":{"rendered":"SCIOLI: ANUNCIO PARA PYMES"},"content":{"rendered":"<div><span style=\"color: #0000ff;\">Scioli lanz\u00f3 la Mesa Productiva para incentivar al sector  Pyme con cr\u00e9ditos por 450 millones de pesos a trav\u00e9s del Bapro<\/span><\/div>\n<div>La Plata, 28 enero (NA) &#8212; El gobernador bonaerense, Daniel  Scioli, lanz\u00f3 hoy una &#8220;Mesa Productiva&#8221; que buscar\u00e1 aumentar la capacidad  instalada en la provincia de Buenos Aires y prev\u00e9 &#8220;inyectar&#8221; unos 450 millones  de pesos a trav\u00e9s de cr\u00e9ditos del Banco Provincia, entre otras medidas.<\/div>\n<div>Tras  reunirse con funcionarios del Gobierno provincial y representantes del sector  privado, Scioli lanz\u00f3 la iniciativa con un paquete de medidas entre las que se  destac\u00f3 un subsidio del Estado bonaerense para el Bapro, del orden de los 450  millones de pesos. <br \/>El dinero se canalizar\u00e1 a trav\u00e9s de dos l\u00edneas de  cr\u00e9dito, denominadas &#8220;Fuerza Pymes&#8221; y &#8220;Fuerza Campo&#8221;, con las cuales el peque\u00f1o  y mediano empresario podr\u00e1 financiarse a tasas de entre 13 y 14 por ciento  anual, de acuerdo con lo explicado por la ministra de Asuntos Agrarios y  Producci\u00f3n, D\u00e9bora Giorgi, quien particip\u00f3 del encuentro junto al titular del  BAPRO, Guillermo Francos, y otros funcionarios. <br \/>Seg\u00fan explic\u00f3 la ministra,  las l\u00edneas de cr\u00e9dito las &#8220;da el Bapro y el subsidio lo pone el Ministerio de la  Producci\u00f3n&#8221;. <br \/>&#8220;La mesa productiva se plantea como objetivo el trabajo  permanente para desarrollar toda la potencialidad productiva de la provincia&#8221;,  destac\u00f3 Giorgi. <br \/>El lanzamiento se realiz\u00f3 en una conferencia de prensa en la  que Giorgi tambi\u00e9n adelant\u00f3 que &#8220;en dos o tres d\u00edas va a estar la reglamentaci\u00f3n  para que la Provincia adhiera a la Ley Nacional de Software&#8221; y que &#8220;Scioli ya  firm\u00f3 el decreto de creaci\u00f3n de ventanilla \u00fanica&#8221;, para agilizar los tr\u00e1mites de  fundaci\u00f3n de pymes. <br \/>Respecto de la Ley del Software, la ministra indic\u00f3 que  &#8220;ya fue promulgada&#8221; y que en los pr\u00f3ximos d\u00edas &#8220;sale el decreto reglamentario&#8221;  que &#8220;va a otorgar exenciones impositivas, a nivel provincial y nacional&#8221;. <br \/>En  cuanto al proyecto de ventanilla \u00fanica, Giorgi explic\u00f3 que &#8220;permitir\u00e1 reducir  considerablemente el n\u00famero de tr\u00e1mites para iniciar una actividad econ\u00f3mica en  territorio bonaerense&#8221;. <br \/>En el encuentro tambi\u00e9n se trataron temas vinculados  con el sector agropecuario, en donde Giorgi precis\u00f3 que se crearon &#8220;200  expedientes de peticiones de productores agropecuarios para aprovechar el Plan  Ganadero Nacional&#8221;. <br \/>Entre los representantes de la industria, el agro y el  comercio, asistieron los presidentes de la UIPBA, Osvaldo Rial, de la  Confederaci\u00f3n Intercooperativa Agropecuaria (CONINAGRO), Fernando Gioino; y de  la Confederaci\u00f3n de Asociaciones Rurales de Buenos Aires (CARBAP), Pedro  Apaolaza. <br \/>Tambi\u00e9n el director ejecutivo de la Confederaci\u00f3n de Asociaciones  Rurales de Buenos Aires y La Pampa (CARBAP), Alfredo Rodes; y los presidentes de  la Confederaci\u00f3n Econ\u00f3mica de Buenos Aires (CEPBA), Aladino Benassi; de la  Confederaci\u00f3n Argentina de la Mediana Empresa (CAME), Osvaldo Cornide; y de la  Federaci\u00f3n Econ\u00f3mica de Buenos Aires (FEBA), Ra\u00fal Lammachia. <br \/>Tras el  encuentro, el titular de la UIPBA destac\u00f3 que los empresarios encontraron en esa  mesa &#8220;una gran vocaci\u00f3n para trabajar en lo productivo en la provincia&#8221;.  <br \/>&#8220;Estamos entusiasmados con la fuerte vocaci\u00f3n y conocimiento productivo que  demuestra el gobernador, y con este tipo de iniciativas que desde hace mucho  tiempo ni se daban en la Provincia&#8221;, asegur\u00f3 Rial. <br \/>El dirigente fabril  consider\u00f3 &#8220;muy importante la consolidaci\u00f3n de esta iniciativa de ventanilla  \u00fanica, que desde la UIPBA se viene pidiendo desde el 2002, y a la que este  gobierno, en tan s\u00f3lo 30 d\u00edas dio tratamiento legislativo y hoy podemos firmar  su reglamentaci\u00f3n&#8221;. <br \/>&#8220;La Ley de Ventanilla T\u00e9cnica es esencial para el  desarrollo productivo de la Provincia, para la reglamentaci\u00f3n de nuevas  sociedades y, tambi\u00e9n, para la ampliaci\u00f3n de empresas ya en marcha&#8221;, asegur\u00f3 el  empresario fabril. <br \/>Rial coincidi\u00f3 con Scioli en el objetivo de &#8220;movilizar a  las fuerzas de la producci\u00f3n&#8221; a trav\u00e9s del di\u00e1logo que aporten los sectores  econ\u00f3micos. <br \/>El titular de la UIPBA dijo que le presentaron al gobernador  nuevas iniciativas para la mesa productiva, que desde hace 1 a\u00f1o est\u00e1n  trabajando los equipos t\u00e9cnicos del organismo, como la Ley de J\u00f3venes  emprendedores; L\u00ednea de cr\u00e9dito y Servicio para pymes a trav\u00e9s del Banco  Provincia; adem\u00e1s de plantear problem\u00e1ticas a resolver como &#8220;temas impositivos  para mejorar la recaudaci\u00f3n y as\u00ed poder combatir el trabajo informal y un  sistema tributario progresivo para poder atender las necesidades de las pymes  industriales&#8221;. <br \/>Desde el sector agropecuario, Apaolaza se\u00f1al\u00f3 que &#8220;el  gobernador ha descrito muy bien su Gobierno como un estado social activo y en el  que estamos todos insertos&#8221; y destac\u00f3 el hecho de que &#8220;es muy positivo que en  estos tiempos de crisis se puedan visualizar las potencialidades como provincia  y como pa\u00eds&#8221;. <br \/>Por su parte, el presidente de FEBA, Ra\u00fal Lamacchia, se  manifest\u00f3 &#8220;optimista&#8221; para que a partir de este encuentro &#8220;surjan pol\u00edticas  activas para el desarrollo productivo en la provincia&#8221;; mientras que su par de  CEPBA destac\u00f3 la &#8220;decisi\u00f3n pol\u00edtica que permitir\u00e1 que la provincia despegue  desde lo productivo&#8221;.<\/div>\n","protected":false},"excerpt":{"rendered":"<div><span style=\"color: #0000ff;\">Scioli lanz\u00f3 la Mesa Productiva para incentivar al sector  Pyme con cr\u00e9ditos por 450 millones de pesos a trav\u00e9s del Bapro<\/span><\/div>\n<div>La Plata, 28 enero (NA) &#8212; El gobernador bonaerense, Daniel  Scioli, lanz\u00f3 hoy una &#8220;Mesa Productiva&#8221; que buscar\u00e1 aumentar la capacidad  instalada en la provincia de Buenos Aires y prev\u00e9 &#8220;inyectar&#8221; unos 450 millones  de pesos a trav\u00e9s de cr\u00e9ditos del Banco Provincia, entre otras medidas.<\/div>\n<div>\n","protected":false},"author":1,"featured_media":73547,"comment_status":"closed","ping_status":"open","sticky":false,"template":"","format":"standard","meta":{"footnotes":""},"categories":[3],"tags":[],"class_list":["post-77390","post","type-post","status-publish","format-standard","has-post-thumbnail","hentry","category-ultimas-noticias"],"_links":{"self":[{"href":"https:\/\/ic.tecnopc.com.ar\/index.php\/wp-json\/wp\/v2\/posts\/77390","targetHints":{"allow":["GET"]}}],"collection":[{"href":"https:\/\/ic.tecnopc.com.ar\/index.php\/wp-json\/wp\/v2\/posts"}],"about":[{"href":"https:\/\/ic.tecnopc.com.ar\/index.php\/wp-json\/wp\/v2\/types\/post"}],"author":[{"embeddable":true,"href":"https:\/\/ic.tecnopc.com.ar\/index.php\/wp-json\/wp\/v2\/users\/1"}],"replies":[{"embeddable":true,"href":"https:\/\/ic.tecnopc.com.ar\/index.php\/wp-json\/wp\/v2\/comments?post=77390"}],"version-history":[{"count":0,"href":"https:\/\/ic.tecnopc.com.ar\/index.php\/wp-json\/wp\/v2\/posts\/77390\/revisions"}],"wp:featuredmedia":[{"embeddable":true,"href":"https:\/\/ic.tecnopc.com.ar\/index.php\/wp-json\/"}],"wp:attachment":[{"href":"https:\/\/ic.tecnopc.com.ar\/index.php\/wp-json\/wp\/v2\/media?parent=77390"}],"wp:term":[{"taxonomy":"category","embeddable":true,"href":"https:\/\/ic.tecnopc.com.ar\/index.php\/wp-json\/wp\/v2\/categories?post=77390"},{"taxonomy":"post_tag","embeddable":true,"href":"https:\/\/ic.tecnopc.com.ar\/index.php\/wp-json\/wp\/v2\/tags?post=77390"}],"curies":[{"name":"wp","href":"https:\/\/api.w.org\/{rel}","templated":true}]}}