{"id":77392,"date":"2008-12-25T03:00:00","date_gmt":"2008-12-25T05:00:00","guid":{"rendered":"http:\/\/martineziuliano.com.ar\/web\/nuevo-plan-proyecto-de-blanqueo-laboral-y-financiero\/"},"modified":"2008-12-25T03:00:00","modified_gmt":"2008-12-25T05:00:00","slug":"nuevo-plan-proyecto-de-blanqueo-laboral-y-financiero-2","status":"publish","type":"post","link":"https:\/\/ic.tecnopc.com.ar\/index.php\/2008\/12\/25\/nuevo-plan-proyecto-de-blanqueo-laboral-y-financiero-2\/","title":{"rendered":"NUEVO PLAN: PROYECTO DE BLANQUEO LABORAL Y FINANCIERO"},"content":{"rendered":"<div><span style=\"color: #0000ff;\">Cristina se pone el casco ante la crisis: anunci\u00f3 creaci\u00f3n  del Ministerio de Producci\u00f3n, Plan Pyme y repatriaci\u00f3n de capitales<\/span><\/div>\n<div><span style=\"color: #0000ff;\"><br \/><\/span><\/div>\n<div>Buenos Aires, 25 noviembre (NA) &#8212; La presidenta Cristina  Kirchner anunci\u00f3 hoy la creaci\u00f3n del Ministerio de la Producci\u00f3n, y dijo que  enviar\u00e1 al Parlamento un proyecto para repatriar capitales y promover el trabajo  registrado en las Pymes, en el marco de un paquete de medidas destinado a hacer  frente a los coletazos de la crisis financiera internacional.<\/div>\n<div>Si bien el  Gobierno ven\u00eda relativizando el impacto de la crisis internacional sobre la  econom\u00eda local, la Presidenta decidi\u00f3 anunciar un fuerte paquete de medidas,  entre las que se destacan un proyecto de ley que enviar\u00e1 al Congreso para  favorecer el regreso de capitales al pa\u00eds. <br \/>La jefa de Estado eligi\u00f3 el  cierre de la Conferencia Anual de la Uni\u00f3n Industrial Argentina (UIA) para dar  se\u00f1ales al empresariado de que el Gobierno no se quedar\u00e1 de brazos cruzados  mientras la crisis financiera hace estragos sobre las econom\u00edas del mundo.  <br \/>Cristina aprovech\u00f3 tambi\u00e9n el escenario armado por la central fabril en  Pilar para ratificar el sesgo fuertemente productivista de su administraci\u00f3n, al  sostener que estas medidas buscan &#8220;sostener la actividad y el nivel de empleo&#8221;.  <br \/>Buena parte de las deliberaciones que hicieron los industriales a lo largo  de dos d\u00edas apuntaron a la necesidad de proteger el mercado interno y fomentar  la producci\u00f3n, y tambi\u00e9n pidieron un d\u00f3lar &#8220;competitivo&#8221;. <br \/>D\u00e9bora Giorgi es  la elegida por la presidenta Cristina Kirchner para ocupar el nuevo Ministerio  de la Producci\u00f3n, confirmaron esta tarde fuentes oficiales. <br \/>Giorgi ocupa el  mismo ministerio pero en la provincia de Buenos Aires, y es una de las  funcionarias de mayor confianza del gobernador bonaerense Daniel Scioli, quien  habr\u00eda intentado retenerla hasta \u00faltimo momento. <br \/>Pero la presidenta le  habr\u00eda dicho a Giorgi que la necesitaba en la Naci\u00f3n, y por eso Scioli decidi\u00f3  autorizar a su ministra para que pase a la esfera nacional.<br \/>Los industriales  ven\u00edan reclamando desde hace tiempo la creaci\u00f3n de una cartera de Producci\u00f3n,  que durante el Gobierno de Eduardo Duhalde fue ocupada por Jos\u00e9 Ignacio de  Mendiguren primero y por An\u00edbal Fern\u00e1ndez despu\u00e9s, pero luego se uni\u00f3 con  Econom\u00eda con la llegada de N\u00e9stor Kirchner al poder y la ratificaci\u00f3n de Roberto  Lavagna en el Palacio de Hacienda. <br \/>Ahora, la Presidenta parece convencida de  que lleg\u00f3 el momento de crear un Ministerio de Producci\u00f3n, porque considera que  &#8220;es indispensable para salir a la conquista de nuevos mercados&#8221;. <br \/>La jefa de  Estado tambi\u00e9n dijo que pondr\u00e1 el acento en el sector peque\u00f1o y mediano de la  econom\u00eda, porque es el gran creador de fuentes de trabajo. <br \/>Por eso, en  cuanto al proyecto que enviar\u00e1 al Parlamento, precis\u00f3 que en materia de  regularizaci\u00f3n tributaria se otorgar\u00e1n beneficios impositivos para las empresas  que tomen personal nuevo. <br \/>Para ello, se prev\u00e9 que durante los primeros doce  meses las empresas que generen nuevos empleos pagar\u00e1n el 50 por ciento de los  aportes patronales y en el segundo a\u00f1o el 75 por ciento. <br \/>Para regularizar el  trabajo en negro, Cristina anunci\u00f3 que a &#8220;las Pymes de hasta diez empleados -que  representan a casi el 84 por ciento del total- que coloquen a todos sus  trabajadores en blanco, se les condonar\u00e1 toda la deuda&#8221; y podr\u00e1n &#8220;empezar de  cero&#8221;. <br \/>Sobre el proyecto para repatriar capitales, Cristina se\u00f1al\u00f3:  <br \/>&#8220;Quienes declaren sus capitales sin traerlos al pa\u00eds, pagar\u00e1n 8 por ciento  de impuestos; los que lo traigan, el 6%; quienes lo inviertan en t\u00edtulos de la  deuda, 3%; y quienes lo inviertan en infraestructura, inmobiliario, actividad  agroganadera, el 1%&#8221;. <br \/>De esta forma, dijo, se buscar\u00e1 &#8220;reorientar  fuertemente los fondos de esos argentinos que por distintas causas descreyeron  del pa\u00eds, para lograr un mayor grado de inversiones y productividad para ellos y  para la econom\u00eda&#8221;. <br \/>Por otro lado, sostuvo que &#8220;lo que se obtenga de la  regularizaci\u00f3n tributaria, de los beneficios a las PyMes y de la repatriaci\u00f3n de  los capitales ser\u00e1 coparticipable&#8221;. <br \/>Cristina Kirchner tambi\u00e9n aprovech\u00f3 su  presencia ante los industriales y volvi\u00f3 a cuestionar a los economistas que  suger\u00edan enfriar la econom\u00eda. <br \/>&#8220;Me pregunto qu\u00e9 hubiese pasado hoy si el  gobierno como responsable de la pol\u00edtica macroecon\u00f3mica del pa\u00eds hubiera dado  cr\u00e9dito a los economistas de consultoras y grupos de la City que planteaban el  enfriamiento de la econom\u00eda para resolver problemas macro del pa\u00eds. Les dejo a  ustedes la respuesta&#8221;, dijo Cristina.<\/p>\n<\/div>\n","protected":false},"excerpt":{"rendered":"<div><span style=\"color: #0000ff;\">Cristina se pone el casco ante la crisis: anunci\u00f3 creaci\u00f3n  del Ministerio de Producci\u00f3n, Plan Pyme y repatriaci\u00f3n de capitales<\/span><\/div>\n<div><span style=\"color: #0000ff;\"><br \/><\/span><\/div>\n<div>Buenos Aires, 25 noviembre (NA) &#8212; La presidenta Cristina  Kirchner anunci\u00f3 hoy la creaci\u00f3n del Ministerio de la Producci\u00f3n, y dijo que  enviar\u00e1 al Parlamento un proyecto para repatriar capitales y promover el trabajo  registrado en las Pymes, en el marco de un paquete de medidas destinado a hacer  frente a los coletazos de la crisis financiera internacional.<\/div>\n<div>\n","protected":false},"author":1,"featured_media":73547,"comment_status":"closed","ping_status":"open","sticky":false,"template":"","format":"standard","meta":{"footnotes":""},"categories":[3],"tags":[],"class_list":["post-77392","post","type-post","status-publish","format-standard","has-post-thumbnail","hentry","category-ultimas-noticias"],"_links":{"self":[{"href":"https:\/\/ic.tecnopc.com.ar\/index.php\/wp-json\/wp\/v2\/posts\/77392","targetHints":{"allow":["GET"]}}],"collection":[{"href":"https:\/\/ic.tecnopc.com.ar\/index.php\/wp-json\/wp\/v2\/posts"}],"about":[{"href":"https:\/\/ic.tecnopc.com.ar\/index.php\/wp-json\/wp\/v2\/types\/post"}],"author":[{"embeddable":true,"href":"https:\/\/ic.tecnopc.com.ar\/index.php\/wp-json\/wp\/v2\/users\/1"}],"replies":[{"embeddable":true,"href":"https:\/\/ic.tecnopc.com.ar\/index.php\/wp-json\/wp\/v2\/comments?post=77392"}],"version-history":[{"count":0,"href":"https:\/\/ic.tecnopc.com.ar\/index.php\/wp-json\/wp\/v2\/posts\/77392\/revisions"}],"wp:featuredmedia":[{"embeddable":true,"href":"https:\/\/ic.tecnopc.com.ar\/index.php\/wp-json\/"}],"wp:attachment":[{"href":"https:\/\/ic.tecnopc.com.ar\/index.php\/wp-json\/wp\/v2\/media?parent=77392"}],"wp:term":[{"taxonomy":"category","embeddable":true,"href":"https:\/\/ic.tecnopc.com.ar\/index.php\/wp-json\/wp\/v2\/categories?post=77392"},{"taxonomy":"post_tag","embeddable":true,"href":"https:\/\/ic.tecnopc.com.ar\/index.php\/wp-json\/wp\/v2\/tags?post=77392"}],"curies":[{"name":"wp","href":"https:\/\/api.w.org\/{rel}","templated":true}]}}