{"id":77393,"date":"2008-12-19T03:00:00","date_gmt":"2008-12-19T05:00:00","guid":{"rendered":"http:\/\/martineziuliano.com.ar\/web\/se-aprobo-el-blanqueo\/"},"modified":"2008-12-19T03:00:00","modified_gmt":"2008-12-19T05:00:00","slug":"se-aprobo-el-blanqueo-2","status":"publish","type":"post","link":"https:\/\/ic.tecnopc.com.ar\/index.php\/2008\/12\/19\/se-aprobo-el-blanqueo-2\/","title":{"rendered":"SE APROB\u00d3 EL BLANQUEO"},"content":{"rendered":"<div><span style=\"color: #0000ff;\">EL SENADO APROB\u00d3 LAS MEDIDAS ANTICRISIS Y LA ELIMINACI\u00d3N DE  LA &#8220;TABLITA DE MACHINEA&#8221;<\/span><\/div>\n<div>El Senado convirti\u00f3 en ley una serie de medidas anticrisis,  entre ellas un pol\u00e9mico blanqueo de capitales, una moratoria impositiva y la  eliminaci\u00f3n de la &#8220;Tablita de<\/div>\n<div> Machinea&#8221;, con lo que se cerr\u00f3 el ciclo  legislativo de proyectos impulsados por el Gobierno para hacer frente al impacto  en la Argentina de la crisis financiera global. <br \/>Luego de la estatizaci\u00f3n de  las AFJP, que le servir\u00e1 al Gobierno para &#8220;hacer caja&#8221; y financiar un ambicioso  programa de obras p\u00fablicas y de promoci\u00f3n de cr\u00e9ditos para el consumo, el  Congreso complet\u00f3 hoy la sanci\u00f3n de las iniciativas enviadas por el Poder  Ejecutivo. <br \/>El tema m\u00e1s conflictivo -por mucho- fue el cap\u00edtulo referido al  blanqueo de capitales, que para la oposici\u00f3n constituye una virtual apertura de  lavado de dinero proveniente del narcotr\u00e1fico u otros or\u00edgenes il\u00edcitos.  <br \/>Adem\u00e1s, dijeron que se estar\u00eda incumpliendo con acuerdos internacionales en  materia de legislaci\u00f3n antilavado. <br \/>En cambio, los legisladores kirchneristas  afirmaron que no hay cambios, pues todo ingreso de fondos dudosos debe ser  reportado a la Unidad de Informaci\u00f3n Financiera, que investiga los presuntos  lavados de dinero, aunque la oposici\u00f3n se\u00f1al\u00f3 que en los \u00faltimos a\u00f1os no hubo  ninguna condena judicial por este motivo. <br \/>A la hora de la votaci\u00f3n, el  paquete de medidas anticrisis obtuvo 42 votos a favor y 27 en contra en general,  entre estos los integrantes del bloque oficialista Juan Carlos Romero, Sonia  Escudero y Elena Corregido. (NA).<\/div>\n","protected":false},"excerpt":{"rendered":"<div><span style=\"color: #0000ff;\">EL SENADO APROB\u00d3 LAS MEDIDAS ANTICRISIS Y LA ELIMINACI\u00d3N DE  LA &#8220;TABLITA DE MACHINEA&#8221;<\/span><\/div>\n<div>El Senado convirti\u00f3 en ley una serie de medidas anticrisis,  entre ellas un pol\u00e9mico blanqueo de capitales, una moratoria impositiva y la  eliminaci\u00f3n de la &#8220;Tablita de<\/div>\n<div>\n","protected":false},"author":1,"featured_media":73547,"comment_status":"closed","ping_status":"open","sticky":false,"template":"","format":"standard","meta":{"footnotes":""},"categories":[3],"tags":[],"class_list":["post-77393","post","type-post","status-publish","format-standard","has-post-thumbnail","hentry","category-ultimas-noticias"],"_links":{"self":[{"href":"https:\/\/ic.tecnopc.com.ar\/index.php\/wp-json\/wp\/v2\/posts\/77393","targetHints":{"allow":["GET"]}}],"collection":[{"href":"https:\/\/ic.tecnopc.com.ar\/index.php\/wp-json\/wp\/v2\/posts"}],"about":[{"href":"https:\/\/ic.tecnopc.com.ar\/index.php\/wp-json\/wp\/v2\/types\/post"}],"author":[{"embeddable":true,"href":"https:\/\/ic.tecnopc.com.ar\/index.php\/wp-json\/wp\/v2\/users\/1"}],"replies":[{"embeddable":true,"href":"https:\/\/ic.tecnopc.com.ar\/index.php\/wp-json\/wp\/v2\/comments?post=77393"}],"version-history":[{"count":0,"href":"https:\/\/ic.tecnopc.com.ar\/index.php\/wp-json\/wp\/v2\/posts\/77393\/revisions"}],"wp:featuredmedia":[{"embeddable":true,"href":"https:\/\/ic.tecnopc.com.ar\/index.php\/wp-json\/"}],"wp:attachment":[{"href":"https:\/\/ic.tecnopc.com.ar\/index.php\/wp-json\/wp\/v2\/media?parent=77393"}],"wp:term":[{"taxonomy":"category","embeddable":true,"href":"https:\/\/ic.tecnopc.com.ar\/index.php\/wp-json\/wp\/v2\/categories?post=77393"},{"taxonomy":"post_tag","embeddable":true,"href":"https:\/\/ic.tecnopc.com.ar\/index.php\/wp-json\/wp\/v2\/tags?post=77393"}],"curies":[{"name":"wp","href":"https:\/\/api.w.org\/{rel}","templated":true}]}}