{"id":77395,"date":"2008-12-22T03:00:00","date_gmt":"2008-12-22T05:00:00","guid":{"rendered":"http:\/\/martineziuliano.com.ar\/web\/asuetos-y-ferias\/"},"modified":"2008-12-22T03:00:00","modified_gmt":"2008-12-22T05:00:00","slug":"asuetos-y-ferias-2","status":"publish","type":"post","link":"https:\/\/ic.tecnopc.com.ar\/index.php\/2008\/12\/22\/asuetos-y-ferias-2\/","title":{"rendered":"ASUETOS Y FERIAS"},"content":{"rendered":"<div><span style=\"color: #0000ff;\">Distintos Organismos han fijado diferentes plazos para las  Ferias de Enero.<\/span><\/div>\n<p>* El Poder Ejecutivo del Gobierno de la Ciudad Aut\u00f3noma de Buenos Aires, declara  asueto para el personal el d\u00eda 26\/12\/2008 y el 2\/1\/2009.<br \/>* Del 1\u00ba al 15 de  enero regir\u00e1 la Feria Fiscal para la AFIP, suspendi\u00e9ndose los plazos procesales<\/p>\n<p>* Del 1\u00ba al 31 de enero de 2009, se suspenden los plazos procesales en todas  las actuaciones ante los Organismos del Convenio Multilateral<br \/>* La Inspecci\u00f3n  General de Justicia, durante enero de 2009, atender\u00e1 con un r\u00e9gimen especial de  horarios y aceptaci\u00f3n de tr\u00e1mites, en mesa de entradas, el \u00e1rea intervenci\u00f3n y  r\u00fabrica de libros; plazos para la sustanciaci\u00f3n de tr\u00e1mites urgentes y el de la  recepci\u00f3n de oficios judiciales; como as\u00ed tambi\u00e9n, se fijan aquellos tr\u00e1mites  que se encuentran excluidos y la suspensi\u00f3n de plazos que tengan que ver con las  contestaciones de vistas, emplazamientos, intimaciones o requerimientos  notificados con anterioridad al 31 de diciembre de 2008<\/p>\n","protected":false},"excerpt":{"rendered":"<div><span style=\"color: #0000ff;\">Distintos Organismos han fijado diferentes plazos para las  Ferias de Enero.<\/span><\/div>\n<p>* El Poder Ejecutivo del Gobierno de la Ciudad Aut\u00f3noma de Buenos Aires, declara  asueto para el personal el d\u00eda 26\/12\/2008 y el 2\/1\/2009.<br \/>* Del 1\u00ba al 15 de  enero regir\u00e1 la Feria Fiscal para la AFIP, suspendi\u00e9ndose los plazos procesales<\/p>\n<p>\n","protected":false},"author":1,"featured_media":73547,"comment_status":"closed","ping_status":"open","sticky":false,"template":"","format":"standard","meta":{"footnotes":""},"categories":[3],"tags":[],"class_list":["post-77395","post","type-post","status-publish","format-standard","has-post-thumbnail","hentry","category-ultimas-noticias"],"_links":{"self":[{"href":"https:\/\/ic.tecnopc.com.ar\/index.php\/wp-json\/wp\/v2\/posts\/77395","targetHints":{"allow":["GET"]}}],"collection":[{"href":"https:\/\/ic.tecnopc.com.ar\/index.php\/wp-json\/wp\/v2\/posts"}],"about":[{"href":"https:\/\/ic.tecnopc.com.ar\/index.php\/wp-json\/wp\/v2\/types\/post"}],"author":[{"embeddable":true,"href":"https:\/\/ic.tecnopc.com.ar\/index.php\/wp-json\/wp\/v2\/users\/1"}],"replies":[{"embeddable":true,"href":"https:\/\/ic.tecnopc.com.ar\/index.php\/wp-json\/wp\/v2\/comments?post=77395"}],"version-history":[{"count":0,"href":"https:\/\/ic.tecnopc.com.ar\/index.php\/wp-json\/wp\/v2\/posts\/77395\/revisions"}],"wp:featuredmedia":[{"embeddable":true,"href":"https:\/\/ic.tecnopc.com.ar\/index.php\/wp-json\/"}],"wp:attachment":[{"href":"https:\/\/ic.tecnopc.com.ar\/index.php\/wp-json\/wp\/v2\/media?parent=77395"}],"wp:term":[{"taxonomy":"category","embeddable":true,"href":"https:\/\/ic.tecnopc.com.ar\/index.php\/wp-json\/wp\/v2\/categories?post=77395"},{"taxonomy":"post_tag","embeddable":true,"href":"https:\/\/ic.tecnopc.com.ar\/index.php\/wp-json\/wp\/v2\/tags?post=77395"}],"curies":[{"name":"wp","href":"https:\/\/api.w.org\/{rel}","templated":true}]}}