{"id":77408,"date":"2009-02-12T03:00:00","date_gmt":"2009-02-12T05:00:00","guid":{"rendered":"http:\/\/martineziuliano.com.ar\/web\/brasil-conflicto\/"},"modified":"2009-02-12T03:00:00","modified_gmt":"2009-02-12T05:00:00","slug":"brasil-conflicto-2","status":"publish","type":"post","link":"https:\/\/ic.tecnopc.com.ar\/index.php\/2009\/02\/12\/brasil-conflicto-2\/","title":{"rendered":"BRASIL: CONFLICTO"},"content":{"rendered":"<div><span style=\"color: #0000ff;\">Preocupaci\u00f3n en el Gobierno por el conflicto comercial:  reuni\u00f3n clave la semana que viene<\/span><\/div>\n<p>Buenos Aires, 12 febrero (NA) &#8212; El canciller Jorge Taiana reconoci\u00f3 hoy que el  Gobierno est\u00e1 &#8220;preocupado&#8221; por el conflicto comercial con Brasil y admiti\u00f3  tambi\u00e9n que el intercambio de productos entre ambos pa\u00edses &#8220;baj\u00f3 much\u00edsimo&#8221;.<\/p>\n<p>Taiana viajar\u00e1 la pr\u00f3xima semana a Brasil, junto a otros ministros, para  intentar &#8220;fortalecer la interacci\u00f3n&#8221;, en medio de la tensi\u00f3n por los fuertes  reclamos de los industriales de ese pa\u00eds por las restricciones argentinas a los  productos importados. <br \/>El conflicto lleg\u00f3 despu\u00e9s de que Cristina Kirchner  autorizara nuevos precios m\u00ednimos por debajo de los cuales se dificulta el  ingreso al pa\u00eds de 800 productos. <br \/>Por ello, la Federaci\u00f3n de Industriales de  San Pablo (FIESP) pidi\u00f3 ayer al Gobierno de Luiz In\u00e1cio Lula Da Silva que  aplique &#8220;represalias&#8221; para las compras a la Argentina. <br \/>En ese marco, Taiana  reconoci\u00f3 el cruce, pero se mostr\u00f3 esperanzado en que habr\u00e1 una &#8220;r\u00e1pida&#8221;  recuperaci\u00f3n &#8220;una vez que se calmen las expectativas ante la evoluci\u00f3n de la  crisis internacional&#8221;. <br \/>&#8220;Estamos conversando, no son temas sencillos, pero  actuaremos con toda la responsabilidad en la defensa de los intereses de nuestro  trabajo y de nuestro empleo. Estamos atentos y la soluci\u00f3n es el di\u00e1logo&#8221;,  afirm\u00f3 el funcionario en declaraciones radiales. <br \/>En el mismo orden, asegur\u00f3  que el viaje que encabezar\u00e1 la pr\u00f3xima semana junto al titular de Econom\u00eda,  Carlos Fern\u00e1ndez, y de Producci\u00f3n, D\u00e9bora Giorgi, ser\u00e1 para &#8220;fortalecer la  interacci\u00f3n&#8221; entre el pa\u00eds y Brasil. <br \/>Si bien intent\u00f3 se mostr\u00f3 cauto e  intent\u00f3 disminuir el tono del conflicto, Taiana defendi\u00f3 las recientes medida de  la Aduana local asegurando que &#8220;son para evitar la subfacturaci\u00f3n y el dumping&#8221;.  <br \/>En tanto, el Embajador Directo Nacional de Negociaciones Econ\u00f3micas  Internacionales, N\u00e9stor Stancanelli, dijo a Noticias Argentinas que ya hay  conversaciones para establecer &#8220;como ir adelante&#8221; en la relaci\u00f3n. <br \/>Seg\u00fan  Stancanelli, ambos pa\u00edses deben buscar mecanismos para promover inversiones que  permitan que el comercio crezca sobre &#8220;bases equilibradas&#8221;. <br \/>Stancanelli ser\u00e1  el cuarto integrante de la comitiva argentina que arribar\u00e1 a Brasilia la semana  pr\u00f3xima para reunirse con ministros de ese pa\u00eds. <br \/>Este viaje -confirmado por  el Embajador y por el propio Taiana- <br \/>ser\u00e1 la un paso previo para la visita  que concretar\u00e1 la Jefa de Estado argentina en marzo. <br \/>La pol\u00e9mica gener\u00f3  preocupaci\u00f3n en los dos gobiernos por la existencia del fuerte intercambio  comercial iniciado en 2003, con balanza comercial favorable al Gobierno de Lula.  <br \/>Tras el inicio de la crisis en octubre pasado, Argentina perdi\u00f3 el tercer  lugar como proveedor extranjero de Brasil quedando detr\u00e1s de Estados Unidos,  China, y Alemania. <br \/>El presente conflicto es el segundo tras el registrado  dos semanas atr\u00e1s cuando el Gobierno de Lula anunci\u00f3 que exigir\u00eda una licencia  previa para la importaci\u00f3n del 60 por ciento de productos adquiridos en el  exterior. <br \/>Pero esa norma, que gener\u00f3 una reacci\u00f3n cr\u00edtica de la Casa Rosada  apenas estuvo tres d\u00edas en vigor y fue revocada para &#8220;cesar los ruidos y  malentendidos&#8221; originados en el exterior.<\/p>\n","protected":false},"excerpt":{"rendered":"<div><span style=\"color: #0000ff;\">Preocupaci\u00f3n en el Gobierno por el conflicto comercial:  reuni\u00f3n clave la semana que viene<\/span><\/div>\n<p>Buenos Aires, 12 febrero (NA) &#8212; El canciller Jorge Taiana reconoci\u00f3 hoy que el  Gobierno est\u00e1 &#8220;preocupado&#8221; por el conflicto comercial con Brasil y admiti\u00f3  tambi\u00e9n que el intercambio de productos entre ambos pa\u00edses &#8220;baj\u00f3 much\u00edsimo&#8221;.<\/p>\n<p>\n","protected":false},"author":1,"featured_media":73547,"comment_status":"closed","ping_status":"open","sticky":false,"template":"","format":"standard","meta":{"footnotes":""},"categories":[3],"tags":[],"class_list":["post-77408","post","type-post","status-publish","format-standard","has-post-thumbnail","hentry","category-ultimas-noticias"],"_links":{"self":[{"href":"https:\/\/ic.tecnopc.com.ar\/index.php\/wp-json\/wp\/v2\/posts\/77408","targetHints":{"allow":["GET"]}}],"collection":[{"href":"https:\/\/ic.tecnopc.com.ar\/index.php\/wp-json\/wp\/v2\/posts"}],"about":[{"href":"https:\/\/ic.tecnopc.com.ar\/index.php\/wp-json\/wp\/v2\/types\/post"}],"author":[{"embeddable":true,"href":"https:\/\/ic.tecnopc.com.ar\/index.php\/wp-json\/wp\/v2\/users\/1"}],"replies":[{"embeddable":true,"href":"https:\/\/ic.tecnopc.com.ar\/index.php\/wp-json\/wp\/v2\/comments?post=77408"}],"version-history":[{"count":0,"href":"https:\/\/ic.tecnopc.com.ar\/index.php\/wp-json\/wp\/v2\/posts\/77408\/revisions"}],"wp:featuredmedia":[{"embeddable":true,"href":"https:\/\/ic.tecnopc.com.ar\/index.php\/wp-json\/"}],"wp:attachment":[{"href":"https:\/\/ic.tecnopc.com.ar\/index.php\/wp-json\/wp\/v2\/media?parent=77408"}],"wp:term":[{"taxonomy":"category","embeddable":true,"href":"https:\/\/ic.tecnopc.com.ar\/index.php\/wp-json\/wp\/v2\/categories?post=77408"},{"taxonomy":"post_tag","embeddable":true,"href":"https:\/\/ic.tecnopc.com.ar\/index.php\/wp-json\/wp\/v2\/tags?post=77408"}],"curies":[{"name":"wp","href":"https:\/\/api.w.org\/{rel}","templated":true}]}}