{"id":77409,"date":"2009-02-18T03:00:00","date_gmt":"2009-02-18T05:00:00","guid":{"rendered":"http:\/\/martineziuliano.com.ar\/web\/brasil-sin-acurdo\/"},"modified":"2009-02-18T03:00:00","modified_gmt":"2009-02-18T05:00:00","slug":"brasil-sin-acurdo-2","status":"publish","type":"post","link":"https:\/\/ic.tecnopc.com.ar\/index.php\/2009\/02\/18\/brasil-sin-acurdo-2\/","title":{"rendered":"BRASIL: SIN ACURDO"},"content":{"rendered":"<div><span style=\"color: #0000ff;\">Argentina y Brasil no acordaron eliminar medidas restrictivas  en el comercio bilateral, pero analizar\u00e1n alternativa<\/span><span style=\"color: #0000ff;\">s.<\/span><\/div>\n<div><\/div>\n<div>Buenos Aires, 18 febrero (NA) &#8212; Argentina y Brasil no  lograron llegar a un acuerdo sobre la necesidad de eliminar medidas restrictivas  en el comercio bilateral, aunque acercaron posiciones en la idea de crear un  grupo de trabajo para analizar alternativas.<\/div>\n<div>El canciller argentino Jorge  Taiana y su par brasile\u00f1o Celso Amorim se reunieron por poco m\u00e1s de tres horas y  si bien no llegaron a un acuerdo por las restricciones a las importaciones,  adoptaron un discurso com\u00fan de defensa de la integraci\u00f3n, seg\u00fan inform\u00f3 la  agencia internacional AFP. <br \/>En ese marco, la canciller\u00eda argentina confirm\u00f3  la visita de Cristina Kirchner a San Pablo el 20 de marzo pr\u00f3ximo y el arribo a  la al pa\u00eds de su par brasile\u00f1o Luiz In\u00e1cio Lula Da Silva el 23 de abril por el  mecanismos semestral de reuniones. <br \/>As\u00ed, el conflicto iniciado por las  medidas aduaneras restrictivas autorizadas por Cristina Kirchner para la  importaci\u00f3n de unos 800 productos tom\u00f3 otro rumbo y se mantiene la tensi\u00f3n en  medio de la crisis mundial. <br \/>Tras la reuni\u00f3n, Taiana afirm\u00f3 en una  conferencia de prensa que su gobierno &#8220;no considera que haya adoptado medidas  que restringen el ingreso de productos brasile\u00f1os, y por lo tanto la normativa  vigente seguir\u00e1, as\u00ed como la normativa brasile\u00f1a tambi\u00e9n seguir\u00e1&#8221;.<\/div>\n","protected":false},"excerpt":{"rendered":"<div><span style=\"color: #0000ff;\">Argentina y Brasil no acordaron eliminar medidas restrictivas  en el comercio bilateral, pero analizar\u00e1n alternativa<\/span><span style=\"color: #0000ff;\">s.<\/span><\/div>\n<div><\/div>\n<div>Buenos Aires, 18 febrero (NA) &#8212; Argentina y Brasil no  lograron llegar a un acuerdo sobre la necesidad de eliminar medidas restrictivas  en el comercio bilateral, aunque acercaron posiciones en la idea de crear un  grupo de trabajo para analizar alternativas.<\/div>\n<div>\n","protected":false},"author":1,"featured_media":73547,"comment_status":"closed","ping_status":"open","sticky":false,"template":"","format":"standard","meta":{"footnotes":""},"categories":[3],"tags":[],"class_list":["post-77409","post","type-post","status-publish","format-standard","has-post-thumbnail","hentry","category-ultimas-noticias"],"_links":{"self":[{"href":"https:\/\/ic.tecnopc.com.ar\/index.php\/wp-json\/wp\/v2\/posts\/77409","targetHints":{"allow":["GET"]}}],"collection":[{"href":"https:\/\/ic.tecnopc.com.ar\/index.php\/wp-json\/wp\/v2\/posts"}],"about":[{"href":"https:\/\/ic.tecnopc.com.ar\/index.php\/wp-json\/wp\/v2\/types\/post"}],"author":[{"embeddable":true,"href":"https:\/\/ic.tecnopc.com.ar\/index.php\/wp-json\/wp\/v2\/users\/1"}],"replies":[{"embeddable":true,"href":"https:\/\/ic.tecnopc.com.ar\/index.php\/wp-json\/wp\/v2\/comments?post=77409"}],"version-history":[{"count":0,"href":"https:\/\/ic.tecnopc.com.ar\/index.php\/wp-json\/wp\/v2\/posts\/77409\/revisions"}],"wp:featuredmedia":[{"embeddable":true,"href":"https:\/\/ic.tecnopc.com.ar\/index.php\/wp-json\/"}],"wp:attachment":[{"href":"https:\/\/ic.tecnopc.com.ar\/index.php\/wp-json\/wp\/v2\/media?parent=77409"}],"wp:term":[{"taxonomy":"category","embeddable":true,"href":"https:\/\/ic.tecnopc.com.ar\/index.php\/wp-json\/wp\/v2\/categories?post=77409"},{"taxonomy":"post_tag","embeddable":true,"href":"https:\/\/ic.tecnopc.com.ar\/index.php\/wp-json\/wp\/v2\/tags?post=77409"}],"curies":[{"name":"wp","href":"https:\/\/api.w.org\/{rel}","templated":true}]}}