{"id":77411,"date":"2009-02-23T03:00:00","date_gmt":"2009-02-23T05:00:00","guid":{"rendered":"http:\/\/martineziuliano.com.ar\/web\/costos-laborales-en-alza-fuerte-aumento-en-obra-social\/"},"modified":"2009-02-23T03:00:00","modified_gmt":"2009-02-23T05:00:00","slug":"costos-laborales-en-alza-fuerte-aumento-en-obra-social-2","status":"publish","type":"post","link":"https:\/\/ic.tecnopc.com.ar\/index.php\/2009\/02\/23\/costos-laborales-en-alza-fuerte-aumento-en-obra-social-2\/","title":{"rendered":"COSTOS LABORALES EN ALZA: FUERTE AUMENTO EN OBRA SOCIAL"},"content":{"rendered":"<div><span style=\"color: #0000ff;\">Los empleadores de empleados que trabajan algunas horas o  media jornada tributan los aportes y retenciones a las Obras Sociales como  jornada completa<\/span><\/div>\n<div><\/div>\n<div>\n<div>Se modifica la ley de contrato de trabajo en relaci\u00f3n al  contrato a tiempo parcial \u2013art. 92 ter L. 20744, a partir de febrero 2009.<br \/>En  tal sentido se incorporan los siguientes conceptos:<br \/>\u2022Si la jornada pactada  supera los 2\/3 de la jornada habitual de la actividad, el empleador deber\u00e1  abonar la remuneraci\u00f3n correspondiente a un trabajador de jornada  completa. \u2022La violaci\u00f3n del l\u00edmite de jornada establecido para el contrato a  tiempo parcial, generar\u00e1 la obligaci\u00f3n del empleador de abonar el salario  correspondiente a la jornada completa para el mes en que se hubiere efectivizado  la misma, ello sin<br \/>perjuicio de otras consecuencias que se deriven de este  incumplimiento.<br \/>\u2022Los aportes y contribuciones para la obra social ser\u00e1n los  que correspondan a un trabajador, de tiempo completo de la categor\u00eda en que se  desempe\u00f1a el trabajador.<br \/>\u2022Los convenios colectivos de trabajo determinar\u00e1n el  porcentaje m\u00e1ximo de trabajadores a tiempo parcial que en cada establecimiento  se desempe\u00f1ar\u00e1n bajo esta modalidad contractual.<\/div>\n<\/p><\/div>\n","protected":false},"excerpt":{"rendered":"<div><span style=\"color: #0000ff;\">Los empleadores de empleados que trabajan algunas horas o  media jornada tributan los aportes y retenciones a las Obras Sociales como  jornada completa<\/span><\/div>\n<div><\/div>\n<div>\n<div>Se modifica la ley de contrato de trabajo en relaci\u00f3n al  contrato a tiempo parcial \u2013art. 92 ter L. 20744, a partir de febrero 2009.<br \/>En  tal sentido se incorporan los siguientes conceptos:<br \/>\u2022Si la jornada pactada  supera los 2\/3 de la jornada habitual de la actividad, el empleador deber\u00e1  abonar la remuneraci\u00f3n correspondiente a un trabajador de jornada  completa.<\/p>\n","protected":false},"author":1,"featured_media":73547,"comment_status":"closed","ping_status":"open","sticky":false,"template":"","format":"standard","meta":{"footnotes":""},"categories":[3],"tags":[],"class_list":["post-77411","post","type-post","status-publish","format-standard","has-post-thumbnail","hentry","category-ultimas-noticias"],"_links":{"self":[{"href":"https:\/\/ic.tecnopc.com.ar\/index.php\/wp-json\/wp\/v2\/posts\/77411","targetHints":{"allow":["GET"]}}],"collection":[{"href":"https:\/\/ic.tecnopc.com.ar\/index.php\/wp-json\/wp\/v2\/posts"}],"about":[{"href":"https:\/\/ic.tecnopc.com.ar\/index.php\/wp-json\/wp\/v2\/types\/post"}],"author":[{"embeddable":true,"href":"https:\/\/ic.tecnopc.com.ar\/index.php\/wp-json\/wp\/v2\/users\/1"}],"replies":[{"embeddable":true,"href":"https:\/\/ic.tecnopc.com.ar\/index.php\/wp-json\/wp\/v2\/comments?post=77411"}],"version-history":[{"count":0,"href":"https:\/\/ic.tecnopc.com.ar\/index.php\/wp-json\/wp\/v2\/posts\/77411\/revisions"}],"wp:featuredmedia":[{"embeddable":true,"href":"https:\/\/ic.tecnopc.com.ar\/index.php\/wp-json\/"}],"wp:attachment":[{"href":"https:\/\/ic.tecnopc.com.ar\/index.php\/wp-json\/wp\/v2\/media?parent=77411"}],"wp:term":[{"taxonomy":"category","embeddable":true,"href":"https:\/\/ic.tecnopc.com.ar\/index.php\/wp-json\/wp\/v2\/categories?post=77411"},{"taxonomy":"post_tag","embeddable":true,"href":"https:\/\/ic.tecnopc.com.ar\/index.php\/wp-json\/wp\/v2\/tags?post=77411"}],"curies":[{"name":"wp","href":"https:\/\/api.w.org\/{rel}","templated":true}]}}