{"id":77428,"date":"2009-05-22T03:00:00","date_gmt":"2009-05-22T06:00:00","guid":{"rendered":"http:\/\/martineziuliano.com.ar\/web\/horario-judicial-cambio\/"},"modified":"2009-05-22T03:00:00","modified_gmt":"2009-05-22T06:00:00","slug":"horario-judicial-cambio-2","status":"publish","type":"post","link":"https:\/\/ic.tecnopc.com.ar\/index.php\/2009\/05\/22\/horario-judicial-cambio-2\/","title":{"rendered":"HORARIO JUDICIAL: CAMBIO"},"content":{"rendered":"<div><span style=\"color: #0000ff;\">A partir de junio los horarios judiciales se modifican. S\u00f3lo  en la Provincia de Buenos Aires<\/span><\/div>\n<div><\/div>\n<div>\n<div>Nuevo horario judicial para la provincia de Buenos Aires.  <\/p>\n<p>Para la Justicia, el d\u00eda comienza a las 7.30 y termina a las 13.30 pero  la Suprema Corte de Justicia y la Procuradora General, Mar\u00eda del Carmen Falbo  acordaron fijar el horario judicial desde las 8.00 hasta las 14.00, a partir del  d\u00eda 1\u00ba de junio. Seg\u00fan indicaron, la medida fue tomada a partir de \u201cla  necesidad de contribuir a intensificar los esfuerzos desplegados con el objeto  de lograr un adecuado y racional uso de los recursos energ\u00e9ticos y propendiendo  a brindar un mejor Servicio de Justicia\u201d.<\/p><\/div>\n<\/p><\/div>\n","protected":false},"excerpt":{"rendered":"<div><span style=\"color: #0000ff;\">A partir de junio los horarios judiciales se modifican. S\u00f3lo  en la Provincia de Buenos Aires<\/span><\/div>\n<div><\/div>\n<div>\n<div>Nuevo horario judicial para la provincia de Buenos Aires.  <\/p>\n<p>Para la Justicia, el d\u00eda comienza a las 7.30 y termina a las 13.30 pero  la Suprema Corte de Justicia y la Procuradora General, Mar\u00eda del Carmen Falbo  acordaron fijar el horario judicial desde las 8.00 hasta las 14.00, a partir del  d\u00eda 1\u00ba de junio.<\/p>\n","protected":false},"author":1,"featured_media":73547,"comment_status":"closed","ping_status":"open","sticky":false,"template":"","format":"standard","meta":{"footnotes":""},"categories":[3],"tags":[],"class_list":["post-77428","post","type-post","status-publish","format-standard","has-post-thumbnail","hentry","category-ultimas-noticias"],"_links":{"self":[{"href":"https:\/\/ic.tecnopc.com.ar\/index.php\/wp-json\/wp\/v2\/posts\/77428","targetHints":{"allow":["GET"]}}],"collection":[{"href":"https:\/\/ic.tecnopc.com.ar\/index.php\/wp-json\/wp\/v2\/posts"}],"about":[{"href":"https:\/\/ic.tecnopc.com.ar\/index.php\/wp-json\/wp\/v2\/types\/post"}],"author":[{"embeddable":true,"href":"https:\/\/ic.tecnopc.com.ar\/index.php\/wp-json\/wp\/v2\/users\/1"}],"replies":[{"embeddable":true,"href":"https:\/\/ic.tecnopc.com.ar\/index.php\/wp-json\/wp\/v2\/comments?post=77428"}],"version-history":[{"count":0,"href":"https:\/\/ic.tecnopc.com.ar\/index.php\/wp-json\/wp\/v2\/posts\/77428\/revisions"}],"wp:featuredmedia":[{"embeddable":true,"href":"https:\/\/ic.tecnopc.com.ar\/index.php\/wp-json\/"}],"wp:attachment":[{"href":"https:\/\/ic.tecnopc.com.ar\/index.php\/wp-json\/wp\/v2\/media?parent=77428"}],"wp:term":[{"taxonomy":"category","embeddable":true,"href":"https:\/\/ic.tecnopc.com.ar\/index.php\/wp-json\/wp\/v2\/categories?post=77428"},{"taxonomy":"post_tag","embeddable":true,"href":"https:\/\/ic.tecnopc.com.ar\/index.php\/wp-json\/wp\/v2\/tags?post=77428"}],"curies":[{"name":"wp","href":"https:\/\/api.w.org\/{rel}","templated":true}]}}