{"id":77437,"date":"2009-07-10T03:00:00","date_gmt":"2009-07-10T06:00:00","guid":{"rendered":"http:\/\/martineziuliano.com.ar\/web\/afip-feria-y-fideicomisos\/"},"modified":"2009-07-10T03:00:00","modified_gmt":"2009-07-10T06:00:00","slug":"afip-feria-y-fideicomisos-2","status":"publish","type":"post","link":"https:\/\/ic.tecnopc.com.ar\/index.php\/2009\/07\/10\/afip-feria-y-fideicomisos-2\/","title":{"rendered":"AFIP: FERIA Y FIDEICOMISOS"},"content":{"rendered":"<div><span style=\"color: #0000ff;\">La Afip, ha establecido la Feria Fiscal de Invierno y amenaza  con poner la lupa sobre los aportes a Fideicomisos<\/span><\/div>\n<div><\/div>\n<div>\n<div>* Por RESOLUCI\u00d3N GENERAL (Adm. Fed. Ingresos P\u00fablicos) 2639  B.O.: 7\/07\/09<br \/>Se fija entre los d\u00edas 6 al 17 de julio de 2009, ambas fechas  inclusive, el plazo correspondiente a la feria fiscal de invierno.<br \/>La misma  corresponde al per\u00edodo fijado anualmente por la AFIP y su alcance no tiene  vinculaci\u00f3n con el brote de influenza A (H1N1).<br \/>Durante el citado per\u00edodo no  se computar\u00e1n, en el \u00e1mbito de la Administraci\u00f3n Federal de Ingresos P\u00fablicos,  los plazos procedimentales por los d\u00edas h\u00e1biles administrativos comprendidos en  el mismo. * Fuente: Infobae Profesional, mi\u00e9rcoles 8 de julio de 2009 &#8211;  En poco menos de un mes, la Administraci\u00f3n Federal de Ingresos P\u00fablicos (AFIP)  tendr\u00e1 todo listo para profundizar la lucha contra la evasi\u00f3n impositiva que se  esconde detr\u00e1s de la utilizaci\u00f3n de los fideicomisos.<br \/>Puntualmente, el  organismo a cargo de Ricardo Echegaray contar\u00e1 con todos los datos necesarios de  quienes invirtieron bajo esta figura a fin de investigar el origen de los fondos  utilizados. <br \/>La informaci\u00f3n, cuyo plazo de presentaci\u00f3n vence el pr\u00f3ximo 31  de julio, ser\u00e1 una de las m\u00e1s importantes fuentes que tendr\u00e1 el fisco nacional a  efectos de aclarar cu\u00e1l es la procedencia del dinero colocado en los  instrumentos financieros, constituidos en 2008.<br \/>Los datos suministrados por  los administradores de los fideicomisos se confrontar\u00e1 contra la informaci\u00f3n  proveniente de las declaraciones juradas anuales del Impuesto a las Ganancias y  Bienes Personales presentadas en abril y mayo pasado. Una vez procesadas las  presentaciones, el fisco nacional podr\u00e1 avanzar sobre las inconsistencias  detectadas.<\/div>\n<\/p><\/div>\n","protected":false},"excerpt":{"rendered":"<div><span style=\"color: #0000ff;\">La Afip, ha establecido la Feria Fiscal de Invierno y amenaza  con poner la lupa sobre los aportes a Fideicomisos<\/span><\/div>\n<div><\/div>\n<div>\n<div>* Por RESOLUCI\u00d3N GENERAL (Adm. Fed. Ingresos P\u00fablicos) 2639  B.O.: 7\/07\/09<br \/>Se fija entre los d\u00edas 6 al 17 de julio de 2009, ambas fechas  inclusive, el plazo correspondiente a la feria fiscal de invierno.<br \/>La misma  corresponde al per\u00edodo fijado anualmente por la AFIP y su alcance no tiene  vinculaci\u00f3n con el brote de influenza A (H1N1).<br \/>Durante el citado per\u00edodo no  se computar\u00e1n, en el \u00e1mbito de la Administraci\u00f3n Federal de Ingresos P\u00fablicos,  los plazos procedimentales por los d\u00edas h\u00e1biles administrativos comprendidos en  el mismo.<\/p>\n","protected":false},"author":1,"featured_media":73547,"comment_status":"closed","ping_status":"open","sticky":false,"template":"","format":"standard","meta":{"footnotes":""},"categories":[3],"tags":[],"class_list":["post-77437","post","type-post","status-publish","format-standard","has-post-thumbnail","hentry","category-ultimas-noticias"],"_links":{"self":[{"href":"https:\/\/ic.tecnopc.com.ar\/index.php\/wp-json\/wp\/v2\/posts\/77437","targetHints":{"allow":["GET"]}}],"collection":[{"href":"https:\/\/ic.tecnopc.com.ar\/index.php\/wp-json\/wp\/v2\/posts"}],"about":[{"href":"https:\/\/ic.tecnopc.com.ar\/index.php\/wp-json\/wp\/v2\/types\/post"}],"author":[{"embeddable":true,"href":"https:\/\/ic.tecnopc.com.ar\/index.php\/wp-json\/wp\/v2\/users\/1"}],"replies":[{"embeddable":true,"href":"https:\/\/ic.tecnopc.com.ar\/index.php\/wp-json\/wp\/v2\/comments?post=77437"}],"version-history":[{"count":0,"href":"https:\/\/ic.tecnopc.com.ar\/index.php\/wp-json\/wp\/v2\/posts\/77437\/revisions"}],"wp:featuredmedia":[{"embeddable":true,"href":"https:\/\/ic.tecnopc.com.ar\/index.php\/wp-json\/"}],"wp:attachment":[{"href":"https:\/\/ic.tecnopc.com.ar\/index.php\/wp-json\/wp\/v2\/media?parent=77437"}],"wp:term":[{"taxonomy":"category","embeddable":true,"href":"https:\/\/ic.tecnopc.com.ar\/index.php\/wp-json\/wp\/v2\/categories?post=77437"},{"taxonomy":"post_tag","embeddable":true,"href":"https:\/\/ic.tecnopc.com.ar\/index.php\/wp-json\/wp\/v2\/tags?post=77437"}],"curies":[{"name":"wp","href":"https:\/\/api.w.org\/{rel}","templated":true}]}}