{"id":77461,"date":"2009-11-02T03:00:00","date_gmt":"2009-11-02T06:00:00","guid":{"rendered":"http:\/\/martineziuliano.com.ar\/web\/monotributo-reforma-demorada\/"},"modified":"2009-11-02T03:00:00","modified_gmt":"2009-11-02T06:00:00","slug":"monotributo-reforma-demorada-2","status":"publish","type":"post","link":"https:\/\/ic.tecnopc.com.ar\/index.php\/2009\/11\/02\/monotributo-reforma-demorada-2\/","title":{"rendered":"MONOTRIBUTO: REFORMA DEMORADA"},"content":{"rendered":"<div><span style=\"color: #0000ff;\">Anuncian que ma\u00f1ana enviar\u00e1n al Congreso el nuevo r\u00e9gimen  para monotributistas<\/span><\/div>\n<div><\/div>\n<div>\n<div>Buenos Aires, 2 noviembre (NA) &#8212; El Gobierno anunciar\u00e1  ma\u00f1ana el proyecto de ley que modifica el r\u00e9gimen del monotributo, que regir\u00eda a  partir de enero pr\u00f3ximo y que pasar\u00eda a tener una cuota m\u00ednima de 213 pesos y un  m\u00ednimo de facturaci\u00f3n anual de 24 mil pesos. <br \/>El anuncio ser\u00e1 realizado  ma\u00f1ana por el ministro de Econom\u00eda, Amado Boudou, y el titular de la  Administraci\u00f3n Federal de Ingresos P\u00fablicos (AFIP), Ricardo Echegaray, en una  conferencia de prensa que se realizara a partir de las 11.00 en el Sal\u00f3n Carlos  Tacchi del organismo tributario. <br \/>Boudou ya hab\u00eda anticipado la intenci\u00f3n del  Gobierno de enviar el proyecto al Congreso antes de fin de a\u00f1o para que el nuevo  r\u00e9gimen arranque en enero pr\u00f3ximo, pero los proyectos pendientes y el cambio  legislativo de diciembre podr\u00edan dificultar su aprobaci\u00f3n. <br \/>En su \u00faltima  visita a la C\u00e1mara de Senadores, el presidente de la AFIP estim\u00f3 que en enero  habr\u00e1 1,2 millones de monotributistas y para diciembre la cifra se elevar\u00e1 a 1,3  millones. <br \/>Echegaray explic\u00f3 entonces que el proyecto prev\u00e9 incluir siete  nuevas categor\u00edas (de la &#8220;F&#8221; a la &#8220;L&#8221;) que arrancar\u00e1n en 96.000 pesos anuales en  el caso de la primera (F) y llegar\u00e1n hasta los 300.000 pesos en el caso de la  segunda (L). <br \/>El titular de la AFIP tambi\u00e9n hab\u00eda adelantado que la cuota  mensual aumentar\u00e1 hasta un 85 por ciento en algunos casos, como la categor\u00eda  m\u00ednima, que pasar\u00eda de los 114,75 pesos a 213 pesos mensuales, lo que deja el  piso de facturaci\u00f3n en 24.000 pesos anuales. <br \/>En reciente declaraciones  radiales, Boudou hab\u00eda tambi\u00e9n adelantado que el proyecto con las modificaciones  ser\u00e1 enviado antes de fin de a\u00f1o porque &#8220;la idea es que rija desde 2010&#8221;. <br \/>El  ministro hab\u00eda se\u00f1alado que el titular de la AFIP estaba preparando el proyecto  para darlo a conocer. <br \/>El nuevo proyecto ampliar\u00eda el alcance del r\u00e9gimen  para las locaciones de servicios hasta 200 mil pesos a\u00f1o y para el resto de las  actividades hasta 300 mil y esas cifras se ajustar\u00edan peri\u00f3dicamente seg\u00fan la  variaci\u00f3n del salario m\u00ednimo o de las jubilaciones. <br \/>Al ampliar el nuevo  r\u00e9gimen el nivel de facturaci\u00f3n, se estima que podr\u00eda sumar a otros 400.000  personas o peque\u00f1os comercios e industrias. <br \/>La iniciativa oficial aumentar\u00eda  tambi\u00e9n las sumas fijas del aporte jubilatorio y de la obra social, los dos  componentes se manten\u00edan sin cambios desde el a\u00f1o 2000. <br \/>Uno de los cambios  importantes del proyecto es la precisi\u00f3n normativa que va a contar la AFIP para  excluir del r\u00e9gimen a quienes, tengan dep\u00f3sitos bancarios que excedan los  ingresos, hayan realizado operaciones que no est\u00e9n respaldadas por facturas de  compra, adquieran bienes o realicen gastos de \u00edndole personal incompatibles con  sus ingresos. <br \/>El proyecto dispondr\u00eda facultar a la AFIP, mediante una simple  intimaci\u00f3n, a sacarlos del Monotributo e inscribirlos de oficio en los impuestos  respectivos de IVA y Ganancias. <br \/>El proyecto establecer\u00eda tambi\u00e9n que los que  realicen actividad primaria y est\u00e9n encuadrados en la categor\u00eda A y B no deber\u00e1n  pagar la parte impositiva y s\u00f3lo abonar\u00edan las cotizaciones mensuales fijas con  destino a la Seguridad Social e incorpora exenciones o pagos m\u00e1s bajos para el  llamado Monotributo Social.<\/div>\n<\/p><\/div>\n","protected":false},"excerpt":{"rendered":"<div><span style=\"color: #0000ff;\">Anuncian que ma\u00f1ana enviar\u00e1n al Congreso el nuevo r\u00e9gimen  para monotributistas<\/span><\/div>\n<div><\/div>\n<div>\n<div>Buenos Aires, 2 noviembre (NA) &#8212; El Gobierno anunciar\u00e1  ma\u00f1ana el proyecto de ley que modifica el r\u00e9gimen del monotributo, que regir\u00eda a  partir de enero pr\u00f3ximo y que pasar\u00eda a tener una cuota m\u00ednima de 213 pesos y un  m\u00ednimo de facturaci\u00f3n anual de 24 mil pesos. <br \/>El anuncio ser\u00e1 realizado  ma\u00f1ana por el ministro de Econom\u00eda, Amado Boudou, y el titular de la  Administraci\u00f3n Federal de Ingresos P\u00fablicos (AFIP), Ricardo Echegaray, en una  conferencia de prensa que se realizara a partir de las 11.00 en el Sal\u00f3n Carlos  Tacchi del organismo tributario.<\/p>\n","protected":false},"author":1,"featured_media":73547,"comment_status":"closed","ping_status":"open","sticky":false,"template":"","format":"standard","meta":{"footnotes":""},"categories":[3],"tags":[],"class_list":["post-77461","post","type-post","status-publish","format-standard","has-post-thumbnail","hentry","category-ultimas-noticias"],"_links":{"self":[{"href":"https:\/\/ic.tecnopc.com.ar\/index.php\/wp-json\/wp\/v2\/posts\/77461","targetHints":{"allow":["GET"]}}],"collection":[{"href":"https:\/\/ic.tecnopc.com.ar\/index.php\/wp-json\/wp\/v2\/posts"}],"about":[{"href":"https:\/\/ic.tecnopc.com.ar\/index.php\/wp-json\/wp\/v2\/types\/post"}],"author":[{"embeddable":true,"href":"https:\/\/ic.tecnopc.com.ar\/index.php\/wp-json\/wp\/v2\/users\/1"}],"replies":[{"embeddable":true,"href":"https:\/\/ic.tecnopc.com.ar\/index.php\/wp-json\/wp\/v2\/comments?post=77461"}],"version-history":[{"count":0,"href":"https:\/\/ic.tecnopc.com.ar\/index.php\/wp-json\/wp\/v2\/posts\/77461\/revisions"}],"wp:featuredmedia":[{"embeddable":true,"href":"https:\/\/ic.tecnopc.com.ar\/index.php\/wp-json\/"}],"wp:attachment":[{"href":"https:\/\/ic.tecnopc.com.ar\/index.php\/wp-json\/wp\/v2\/media?parent=77461"}],"wp:term":[{"taxonomy":"category","embeddable":true,"href":"https:\/\/ic.tecnopc.com.ar\/index.php\/wp-json\/wp\/v2\/categories?post=77461"},{"taxonomy":"post_tag","embeddable":true,"href":"https:\/\/ic.tecnopc.com.ar\/index.php\/wp-json\/wp\/v2\/tags?post=77461"}],"curies":[{"name":"wp","href":"https:\/\/api.w.org\/{rel}","templated":true}]}}