{"id":77464,"date":"2009-11-08T03:00:00","date_gmt":"2009-11-08T06:00:00","guid":{"rendered":"http:\/\/martineziuliano.com.ar\/web\/mas-presion-impositiva-y-aumento-de-costos\/"},"modified":"2009-11-08T03:00:00","modified_gmt":"2009-11-08T06:00:00","slug":"mas-presion-impositiva-y-aumento-de-costos-2","status":"publish","type":"post","link":"https:\/\/ic.tecnopc.com.ar\/index.php\/2009\/11\/08\/mas-presion-impositiva-y-aumento-de-costos-2\/","title":{"rendered":"M\u00c1S PRESI\u00d3N IMPOSITIVA Y AUMENTO DE COSTOS"},"content":{"rendered":"<div><span style=\"color: #0000ff;\">Fijan una indemnizaci\u00f3n m\u00ednima de $ 180.000 para accidentes  de trabajo. Suben los precios de los autos usados en Provincia. Fue sancionado  el impuestazo a los productos electr\u00f3nicos<\/span><\/div>\n<div><\/div>\n<div>\n<div>* El Cronista Comercial, viernes 6 de noviembre de 2009 &#8212; La  falta de consenso entre empresas y gremios respecto de los puntos b\u00e1sicos que  deber\u00eda contener una nueva ley de Riesgos de Trabajo, sumado a las reiteradas  cr\u00edticas del establishment ante la creciente litigiosidad motiv\u00f3 al Gobierno a  decidir por la v\u00eda del decreto. De acuerdo con la norma firmada ayer por la  presidenta Cristina Fern\u00e1ndez, qued\u00f3 establecido un piso y ning\u00fan tope para  calcular la indemnizaci\u00f3n por accidentes laborales, as\u00ed como tambi\u00e9n la  triplicaci\u00f3n de los pagos \u00fanicos que rigen en los casos en los que la  incapacidad supere el 50%. <br \/>Esta decisi\u00f3n demuestra, una vez m\u00e1s, que la  presi\u00f3n de la CGT y el v\u00ednculo de Hugo Moyano con el matrimonio K es m\u00e1s fuerte  que todo el lobby que los empresarios puedan realizar, ya que la eliminaci\u00f3n del  tope indemnizatorio era el principal reclamo realizado desde la central  sindical.<br \/>El ministro de Trabajo, Carlos Tomada, hab\u00eda adelantado la decisi\u00f3n  oficial el mi\u00e9rcoles, cuando recibi\u00f3 a representantes de los diversos sectores  interesados. El funcionario les manifest\u00f3 que si bien entiende que no es la  soluci\u00f3n al problema de fondo, tender\u00e1 a disminuir el creciente n\u00famero de  juicios iniciados por trabajadores accidentados. Tomada recibi\u00f3 a integrantes de  la CGT, la CTA, la UIA, las C\u00e1maras de Comercio y Construcci\u00f3n, la Confederaci\u00f3n  de la Mediana Empresa (CAME) y la Uni\u00f3n de ART (UART). Cada uno le plante\u00f3 sus  inquietudes y quejas, pero la decisi\u00f3n pol\u00edtica estaba tomada. <br \/>En su primer  art\u00edculo, el decreto establece que las compensaciones por \u00fanica vez previstas en  la Ley 24.557 \u2013de Riesgos del Trabajo\u2013 se elevar\u00e1n de $ 30.000 a $ 80.000, en  los casos de un grado de incapacidad entre el 50% y el 66%; de $ 40.000 a $  100.000 para casos de incapacidad total \u2013superior al 66%\u2013, y de $ 50.000 a $  120.000 en situaciones de muerte. <br \/>La norma tambi\u00e9n suprime el tope de $  180.000 para el cobro de la indemnizaci\u00f3n y, a su vez, fija un piso que no podr\u00e1  ser inferior al monto que resulte de multiplicar $ 180.000 por el porcentaje de  incapacidad.<\/p>\n<p>* Infobae Profesional, lunes 2 de noviembre de 2009 &#8212; La  provincia de Buenos Aires comienza este lunes a aplicar el Impuesto de Sellos a  la compraventa de veh\u00edculos usados.<br \/>La carga fiscal a soportar ser\u00e1 del 2% si  la operaci\u00f3n se realiza entre particulares y del 1% si se celebra en  concesionarias oficiales inscriptas ante la Agencia de Recaudaci\u00f3n Bonaerense  (ARBA).<br \/>A fin de asegurarse el cobro del tributo, el fisco provincial  determin\u00f3 que el monto ser\u00e1 retenido por el Registro Nacional de la Propiedad  Automotor siempre y cuando el valor del veh\u00edculo supere los 40.000 pesos.<br \/>El  titular der ARBA, Rafael Perelmiter, explic\u00f3 oportunamente que la medida busca  reducir la evasi\u00f3n en el Impuesto sobre los Ingresos Brutos que registra la  comercializaci\u00f3n de veh\u00edculos en agencias. <\/p>\n<p>* El D\u00eda, jueves 5 de  noviembre de 2009 &#8212; La C\u00e1mara de Diputados sancion\u00f3 ayer la ley que beneficia a  los fabricantes de productos electr\u00f3nicos de Tierra del Fuego, pero grava con  impuestos internos y duplica el IVA de los importados.<br \/>Sin debate en el  recinto, la C\u00e1mara baja aprob\u00f3 el proyecto con 126 votos a favor, 6 en contra y  54 abstenciones. La norma ya hab\u00eda sido tratada en Diputados, aunque debi\u00f3  regresar al cuerpo para ser ratificada, luego de que se le introdujeran  modificaciones en el Senado el 21 de octubre pasado.<br \/>Tras impulsar la medida  por varios meses, la gobernadora de Tierra del Fuego, Fabiana R\u00edos, presenci\u00f3 el  momento de la votaci\u00f3n y celebr\u00f3 la decisi\u00f3n del Congreso nacional, que  beneficiar\u00e1 a los fabricantes de productos electr\u00f3nicos de su provincia.<br \/>En  declaraciones a la prensa, asegur\u00f3 que no se trata de un &#8220;impuestazo&#8221;, y  manifest\u00f3 su &#8220;satisfacci\u00f3n&#8221; por la aprobaci\u00f3n de la medida, que contaba con el  visto bueno de la administraci\u00f3n de la presidenta Cristina Kirchner.<br \/>La ley,  que ahora deber\u00e1 promulgar el Poder Ejecutivo, elimina la exenci\u00f3n de impuestos  internos (26 por ciento) y duplica el IVA (del 10,5 al 21 por ciento) a una  serie de productos electr\u00f3nicos e inform\u00e1ticos que no se fabriquen en Tierra del  Fuego. <\/p>\n<\/div><\/div>\n","protected":false},"excerpt":{"rendered":"<div><span style=\"color: #0000ff;\">Fijan una indemnizaci\u00f3n m\u00ednima de $ 180.000 para accidentes  de trabajo. Suben los precios de los autos usados en Provincia. Fue sancionado  el impuestazo a los productos electr\u00f3nicos<\/span><\/div>\n<div><\/div>\n<div>\n<div>* El Cronista Comercial, viernes 6 de noviembre de 2009 &#8212; La  falta de consenso entre empresas y gremios respecto de los puntos b\u00e1sicos que  deber\u00eda contener una nueva ley de Riesgos de Trabajo, sumado a las reiteradas  cr\u00edticas del establishment ante la creciente litigiosidad motiv\u00f3 al Gobierno a  decidir por la v\u00eda del decreto. De acuerdo con la norma firmada ayer por la  presidenta Cristina Fern\u00e1ndez, qued\u00f3 establecido un piso y ning\u00fan tope para  calcular la indemnizaci\u00f3n por accidentes laborales, as\u00ed como tambi\u00e9n la  triplicaci\u00f3n de los pagos \u00fanicos que rigen en los casos en los que la  incapacidad supere el 50%.<\/p>\n","protected":false},"author":1,"featured_media":73547,"comment_status":"closed","ping_status":"open","sticky":false,"template":"","format":"standard","meta":{"footnotes":""},"categories":[3],"tags":[],"class_list":["post-77464","post","type-post","status-publish","format-standard","has-post-thumbnail","hentry","category-ultimas-noticias"],"_links":{"self":[{"href":"https:\/\/ic.tecnopc.com.ar\/index.php\/wp-json\/wp\/v2\/posts\/77464","targetHints":{"allow":["GET"]}}],"collection":[{"href":"https:\/\/ic.tecnopc.com.ar\/index.php\/wp-json\/wp\/v2\/posts"}],"about":[{"href":"https:\/\/ic.tecnopc.com.ar\/index.php\/wp-json\/wp\/v2\/types\/post"}],"author":[{"embeddable":true,"href":"https:\/\/ic.tecnopc.com.ar\/index.php\/wp-json\/wp\/v2\/users\/1"}],"replies":[{"embeddable":true,"href":"https:\/\/ic.tecnopc.com.ar\/index.php\/wp-json\/wp\/v2\/comments?post=77464"}],"version-history":[{"count":0,"href":"https:\/\/ic.tecnopc.com.ar\/index.php\/wp-json\/wp\/v2\/posts\/77464\/revisions"}],"wp:featuredmedia":[{"embeddable":true,"href":"https:\/\/ic.tecnopc.com.ar\/index.php\/wp-json\/"}],"wp:attachment":[{"href":"https:\/\/ic.tecnopc.com.ar\/index.php\/wp-json\/wp\/v2\/media?parent=77464"}],"wp:term":[{"taxonomy":"category","embeddable":true,"href":"https:\/\/ic.tecnopc.com.ar\/index.php\/wp-json\/wp\/v2\/categories?post=77464"},{"taxonomy":"post_tag","embeddable":true,"href":"https:\/\/ic.tecnopc.com.ar\/index.php\/wp-json\/wp\/v2\/tags?post=77464"}],"curies":[{"name":"wp","href":"https:\/\/api.w.org\/{rel}","templated":true}]}}