{"id":77469,"date":"2009-12-08T03:00:00","date_gmt":"2009-12-08T06:00:00","guid":{"rendered":"http:\/\/martineziuliano.com.ar\/web\/mas-presion-tributaria\/"},"modified":"2009-12-08T03:00:00","modified_gmt":"2009-12-08T06:00:00","slug":"mas-presion-tributaria-2","status":"publish","type":"post","link":"https:\/\/ic.tecnopc.com.ar\/index.php\/2009\/12\/08\/mas-presion-tributaria-2\/","title":{"rendered":"M\u00c1S PRESI\u00d3N TRIBUTARIA"},"content":{"rendered":"<div><span style=\"color: #0000ff;\">El Estado no cierra sus cuentas y sigue asfixiando al sector  privado<\/span><\/div>\n<div><\/div>\n<div>\n<div>* Fuente: Infobae Profesional, mi\u00e9rcoles 2 de diciembre de  2009 <\/p>\n<p>El Gobierno oficializ\u00f3 la extensi\u00f3n de la vigencia del Impuesto a  las Ganancias, M\u00ednima Presunta, Bienes Personales, Monotributo, adicional de  emergencia sobre el precio de los cigarrillos y el impuesto al cheque. Tambi\u00e9n  se prorrog\u00f3 la contribuci\u00f3n especial sobre el capital de las cooperativas. <br \/>La  ampliaci\u00f3n de la vigencia se formaliz\u00f3 a trav\u00e9s de la ley 26.545 publicada en el  Bolet\u00edn Oficial. <br \/>El nuevo marco legal extiende por diez per\u00edodos la vigencia  de Bienes Personales, Ganancias y Ganancia M\u00ednima Presunta.<br \/>Asimismo,  prorroga por cuatro a\u00f1os la contribuci\u00f3n especial sobre el capital de las  cooperativas.<br \/>Respecto al pol\u00e9mico impuesto al cheque, la nueva ley extiende  el tributo por dos a\u00f1os m\u00e1s. <br \/>De manera complementaria, la norma elimina de  la lista de exenciones previstas en Ganancias a los reintegros y reembolsos a  las exportaciones. <br \/>Por \u00faltimo, la norma prorroga hasta el 31 de diciembre de  2013 la vigencia del Monotributo. <\/p>\n<p>* Fuente: Clar\u00edn, jueves 3 de  diciembre de 2009 <\/p>\n<p>Anoche, el Senado convirti\u00f3 en ley el pol\u00e9mico  proyecto que promueve un impuesto del 1% sobre los abonos de la telefon\u00eda  celular para financiar al deporte ol\u00edmpico.<br \/>Por 55 votos a favor y uno en  contra, la C\u00e1mara de Senadores aprob\u00f3 finalmente el proyecto que la semana  pasada hab\u00eda sido aprobado en Diputados, luego de un r\u00e1pido tratamiento que  llev\u00f3 poco m\u00e1s de un mes desde su presentaci\u00f3n. El proyecto fue elaborado por la  legisladora kirchnerista Nora Bedano e impulsado por el Comit\u00e9 Ol\u00edmpico  Argentino y por su presidente, el empresario Gerardo Werthein, adem\u00e1s, principal  accionista de Telecom, a su vez, due\u00f1a de la firma de telefon\u00eda celular  Personal. A pesar de que la presidenta Cristina Kirchner, hab\u00eda dicho que iban a  ser los excedentes del dinero por la televisaci\u00f3n del futbol -cuyos derechos  fueron recientemente estatizados- aquellos que iban a financiar al deporte  ol\u00edmpico.<br \/>Ahora, la iniciativa oficial crea el Ente de Alto Rendimiento  Deportivo (ENARD) que se va a financiar con recursos que van a surgir de un  aporte adicional de 1% sobre el precio de los abonos de la telefon\u00eda celular,  neto de IVA. <\/p>\n<p>* Fuente: El Cronista Comercial, viernes 4 de diciembre de  2009 <\/p>\n<p>Las al\u00edcuotas de las aseguradoras de riesgos de trabajo aumentar\u00e1n  desde enero pr\u00f3ximo entre un 35% y un 40% por efecto de la eliminaci\u00f3n de los  topes indemnizatorios y el incremento de las prestaciones dinerarias por  accidentes laborales dispuesto por el Gobierno mediante el decreto de principios  de noviembre pasado que modific\u00f3 parte de la ley 24.557 que regula el sistema de  ART. El aumento de las primas de las ART se aplicar\u00e1 en enero a por lo menos el  50% de los contratos de seguros que pagan las empresas, en tanto que la  actualizaci\u00f3n de las al\u00edcuotas se extender\u00e1 despu\u00e9s al resto de los contratos de  acuerdo con su respectivo vencimiento, un proceso que las aseguradoras proyectan  culminar durante el segundo semestre de 2010.<\/p><\/div>\n<\/p><\/div>\n","protected":false},"excerpt":{"rendered":"<div><span style=\"color: #0000ff;\">El Estado no cierra sus cuentas y sigue asfixiando al sector  privado<\/span><\/div>\n<div><\/div>\n<div>\n<div>* Fuente: Infobae Profesional, mi\u00e9rcoles 2 de diciembre de  2009 <\/p>\n<p>El Gobierno oficializ\u00f3 la extensi\u00f3n de la vigencia del Impuesto a  las Ganancias, M\u00ednima Presunta, Bienes Personales, Monotributo, adicional de  emergencia sobre el precio de los cigarrillos y el impuesto al cheque. Tambi\u00e9n  se prorrog\u00f3 la contribuci\u00f3n especial sobre el capital de las cooperativas.<\/p>\n","protected":false},"author":1,"featured_media":73547,"comment_status":"closed","ping_status":"open","sticky":false,"template":"","format":"standard","meta":{"footnotes":""},"categories":[3],"tags":[],"class_list":["post-77469","post","type-post","status-publish","format-standard","has-post-thumbnail","hentry","category-ultimas-noticias"],"_links":{"self":[{"href":"https:\/\/ic.tecnopc.com.ar\/index.php\/wp-json\/wp\/v2\/posts\/77469","targetHints":{"allow":["GET"]}}],"collection":[{"href":"https:\/\/ic.tecnopc.com.ar\/index.php\/wp-json\/wp\/v2\/posts"}],"about":[{"href":"https:\/\/ic.tecnopc.com.ar\/index.php\/wp-json\/wp\/v2\/types\/post"}],"author":[{"embeddable":true,"href":"https:\/\/ic.tecnopc.com.ar\/index.php\/wp-json\/wp\/v2\/users\/1"}],"replies":[{"embeddable":true,"href":"https:\/\/ic.tecnopc.com.ar\/index.php\/wp-json\/wp\/v2\/comments?post=77469"}],"version-history":[{"count":0,"href":"https:\/\/ic.tecnopc.com.ar\/index.php\/wp-json\/wp\/v2\/posts\/77469\/revisions"}],"wp:featuredmedia":[{"embeddable":true,"href":"https:\/\/ic.tecnopc.com.ar\/index.php\/wp-json\/"}],"wp:attachment":[{"href":"https:\/\/ic.tecnopc.com.ar\/index.php\/wp-json\/wp\/v2\/media?parent=77469"}],"wp:term":[{"taxonomy":"category","embeddable":true,"href":"https:\/\/ic.tecnopc.com.ar\/index.php\/wp-json\/wp\/v2\/categories?post=77469"},{"taxonomy":"post_tag","embeddable":true,"href":"https:\/\/ic.tecnopc.com.ar\/index.php\/wp-json\/wp\/v2\/tags?post=77469"}],"curies":[{"name":"wp","href":"https:\/\/api.w.org\/{rel}","templated":true}]}}