{"id":77973,"date":"2019-09-27T08:33:45","date_gmt":"2019-09-27T11:33:45","guid":{"rendered":"https:\/\/iulianocooreman.com.ar\/es\/?p=74910"},"modified":"2019-09-27T08:33:45","modified_gmt":"2019-09-27T11:33:45","slug":"bono-para-trabajadores-de-5-000-2","status":"publish","type":"post","link":"https:\/\/ic.tecnopc.com.ar\/index.php\/2019\/09\/27\/bono-para-trabajadores-de-5-000-2\/","title":{"rendered":"BONO PARA TRABAJADORES DE $ 5.000"},"content":{"rendered":"<p style=\"text-align: justify;\"><span style=\"font-size: 12pt; color: #3366ff; font-family: verdana, geneva, sans-serif;\">El Poder Ejecutivo Nacional consensu\u00f3 el pago de una asignaci\u00f3n No Remunerativa de $ 5000 para los trabajadores en relaci\u00f3n de dependencia del Sector Privado y el Gobierno de la Ciudad Aut\u00f3noma de Buenos Aires, anunci\u00f3 que tambi\u00e9n lo pagar\u00e1. <\/span><!--more--><\/p>\n<p style=\"text-align: justify;\"><span style=\"font-size: 12pt; font-family: verdana, geneva, sans-serif;\">Las c\u00e1maras empresarias y los sindicatos establecer\u00e1n la forma de pago.<\/span><\/p>\n<p style=\"text-align: justify;\"><span style=\"font-size: 12pt; font-family: verdana, geneva, sans-serif;\">El sindicato de Comercio ya estableci\u00f3 que se pagar\u00e1 como m\u00e1ximo en 5 cuotas mensuales, pero los que quieran pagarlo en octubre pueden hacerlo.<\/span><\/p>\n<p style=\"text-align: justify;\"><span style=\"font-size: 12pt; font-family: verdana, geneva, sans-serif;\">Dicho importe se compensar\u00e1 en las pr\u00f3ximas revisiones salariales y se abonar\u00e1 en el mes de octubre 2019 o en los plazos, cuotas y condiciones que establezcan las partes signatarias de los Convenios Colectivos de Trabajo.<\/span><\/p>\n<p style=\"text-align: justify;\"><span style=\"font-size: 12pt; font-family: verdana, geneva, sans-serif;\">El importe de $5000 ser\u00e1 proporcional a la jornada laboral que cumpla regularmente cada trabajador.<\/span><\/p>\n<p style=\"text-align: justify;\"><span style=\"font-size: 12pt; font-family: verdana, geneva, sans-serif;\">Quedan excluidos de los alcances del presente decreto los trabajadores del Sector P\u00fablico, R\u00e9gimen del Trabajo Agrario y del R\u00e9gimen Especial para el personal de Casa Particulares. Tampoco se incluyen jubilados y pensionados.<\/span><\/p>\n<p>&nbsp;<\/p>\n","protected":false},"excerpt":{"rendered":"<p>El Poder Ejecutivo Nacional consensu\u00f3 el pago de una asignaci\u00f3n No Remunerativa de $5000 para los trabajadores en relaci\u00f3n de dependencia del Sector Privado y el Gobierno de la Ciudad Aut\u00f3noma de Buenos Aires, anunci\u00f3 que tambi\u00e9n lo pagar\u00e1.\u00a0<\/p>\n","protected":false},"author":1,"featured_media":0,"comment_status":"closed","ping_status":"open","sticky":false,"template":"","format":"standard","meta":{"footnotes":""},"categories":[3],"tags":[],"class_list":["post-77973","post","type-post","status-publish","format-standard","hentry","category-ultimas-noticias"],"_links":{"self":[{"href":"https:\/\/ic.tecnopc.com.ar\/index.php\/wp-json\/wp\/v2\/posts\/77973","targetHints":{"allow":["GET"]}}],"collection":[{"href":"https:\/\/ic.tecnopc.com.ar\/index.php\/wp-json\/wp\/v2\/posts"}],"about":[{"href":"https:\/\/ic.tecnopc.com.ar\/index.php\/wp-json\/wp\/v2\/types\/post"}],"author":[{"embeddable":true,"href":"https:\/\/ic.tecnopc.com.ar\/index.php\/wp-json\/wp\/v2\/users\/1"}],"replies":[{"embeddable":true,"href":"https:\/\/ic.tecnopc.com.ar\/index.php\/wp-json\/wp\/v2\/comments?post=77973"}],"version-history":[{"count":0,"href":"https:\/\/ic.tecnopc.com.ar\/index.php\/wp-json\/wp\/v2\/posts\/77973\/revisions"}],"wp:attachment":[{"href":"https:\/\/ic.tecnopc.com.ar\/index.php\/wp-json\/wp\/v2\/media?parent=77973"}],"wp:term":[{"taxonomy":"category","embeddable":true,"href":"https:\/\/ic.tecnopc.com.ar\/index.php\/wp-json\/wp\/v2\/categories?post=77973"},{"taxonomy":"post_tag","embeddable":true,"href":"https:\/\/ic.tecnopc.com.ar\/index.php\/wp-json\/wp\/v2\/tags?post=77973"}],"curies":[{"name":"wp","href":"https:\/\/api.w.org\/{rel}","templated":true}]}}