{"id":77975,"date":"2019-10-03T10:13:14","date_gmt":"2019-10-03T13:13:14","guid":{"rendered":"https:\/\/iulianocooreman.com.ar\/es\/?p=74918"},"modified":"2019-10-03T10:13:14","modified_gmt":"2019-10-03T13:13:14","slug":"importante-factura-de-credito-pyme-2","status":"publish","type":"post","link":"https:\/\/ic.tecnopc.com.ar\/index.php\/2019\/10\/03\/importante-factura-de-credito-pyme-2\/","title":{"rendered":"IMPORTANTE: FACTURA DE CREDITO PYME"},"content":{"rendered":"<p style=\"text-align: justify;\"><span style=\"font-family: verdana, geneva, sans-serif; color: #3366ff;\"><span style=\"font-weight: 400;\">Tendr\u00e1 el mismo formato y similares caracter\u00edsticas que las previstas para factura electr\u00f3nica, sin embargo, <\/span><span style=\"font-weight: 400;\">para que sea v\u00e1lida,<\/span><span style=\"font-weight: 400;\"> deber\u00e1 contar con las particularidades que se detallan a continuaci\u00f3n:<\/span><\/span><!--more--><\/p>\n<ol style=\"text-align: justify;\">\n<li><span style=\"font-family: verdana, geneva, sans-serif;\"><span style=\"font-weight: 400;\">Siempre deber\u00e1 informarse <\/span><span style=\"text-decoration: underline;\"><span style=\"font-weight: 400;\">la fecha de vencimiento de pago y no podr\u00e1 modificarse<\/span><\/span><span style=\"font-weight: 400;\">. En caso de ser incorrecta, el receptor de la factura de cr\u00e9dito electr\u00f3nica MiPyME proceder\u00e1 a rechazarla.<\/span><\/span><\/li>\n<li><span style=\"font-family: verdana, geneva, sans-serif;\"><span style=\"text-decoration: underline;\"><span style=\"font-weight: 400;\">La solicitud de autorizaci\u00f3n<\/span><\/span><span style=\"font-weight: 400;\"> de la factura de cr\u00e9dito electr\u00f3nica MiPyME podr\u00e1 efectuarse <\/span><span style=\"text-decoration: underline;\"><span style=\"font-weight: 400;\">dentro de los 5 d\u00edas corridos anteriores o 1 d\u00eda posterior a la fecha a la de emisi\u00f3n<\/span><\/span><span style=\"font-weight: 400;\"> de la misma. En caso de ser anterior, deber\u00e1 corresponder al mismo mes que el de la fecha de emisi\u00f3n.<\/span><\/span><\/li>\n<li><span style=\"font-family: verdana, geneva, sans-serif;\"><span style=\"font-weight: 400;\">Cuando el traslado y entrega de las mercader\u00edas se respalde mediante un <\/span><span style=\"text-decoration: underline;\"><span style=\"font-weight: 400;\">Remito &#8220;R&#8221;, \u00e9ste deber\u00e1 informarse en la factura de forma obligatoria<\/span><\/span><span style=\"font-weight: 400;\">. Se podr\u00e1n informar varios remitos a una misma factura, pero no se podr\u00e1 asociar varias facturas a un mismo remito.<\/span><\/span><\/li>\n<li><span style=\"font-family: verdana, geneva, sans-serif;\"><span style=\"font-weight: 400;\">Deber\u00e1 emitirse con C\u00f3digo de Autorizaci\u00f3n Electr\u00f3nico &#8220;C.A.E.&#8221; (Solicitud y autorizaci\u00f3n en l\u00ednea), no obstante se incluir\u00e1 el procedimiento especial de C\u00f3digo de Autorizaci\u00f3n Electr\u00f3nico Anticipado &#8220;C.A.E.A.&#8221; (Solicitud y rendici\u00f3n diferida). En el segundo caso, <span style=\"text-decoration: underline;\">el <\/span><\/span><span style=\"text-decoration: underline;\"><span style=\"font-weight: 400;\">comprobante electr\u00f3nico deber\u00e1 ser rendido dentro de las 24 hs. de su emisi\u00f3n<\/span><span style=\"font-weight: 400;\">.<\/span><\/span><\/span><\/li>\n<\/ol>\n<p style=\"padding-left: 80px; text-align: justify;\"><span style=\"font-weight: 400; font-family: verdana, geneva, sans-serif;\">a.La fecha de vencimiento que se otorgar\u00e1 al &#8220;C.A.E.&#8221; ser\u00e1 la misma que la de emisi\u00f3n del comprobante.<\/span><\/p>\n<p style=\"padding-left: 80px; text-align: justify;\"><span style=\"font-weight: 400; font-family: verdana, geneva, sans-serif;\">b.Clave bancaria uniforme -CBU- o \u201calias\u201d correspondiente<\/span><\/p>\n<p style=\"padding-left: 80px; text-align: justify;\"><span style=\"font-weight: 400; font-family: verdana, geneva, sans-serif;\">c.El importe a pagar expresado en n\u00fameros y letras<\/span><\/p>\n<p style=\"text-align: justify;\"><span style=\"font-family: verdana, geneva, sans-serif;\">5.Leyendas a Incluir:<\/span><\/p>\n<p style=\"text-align: justify;\"><span style=\"font-family: verdana, geneva, sans-serif;\"><strong><span style=\"text-decoration: underline;\">Leyenda 1<\/span><\/strong><span style=\"font-weight: 400;\">: \u201c\u00e9sta se considerar\u00e1 aceptada si, al vencimiento del plazo de treinta (30) d\u00edas corridos desde su recepci\u00f3n en el DFE del comprador, no se hubiera registrado su rechazo total o su aceptaci\u00f3n; y que si, al vencimiento del citado plazo no se hubiera registrado la cancelaci\u00f3n, se considerar\u00e1 que la misma constituye t\u00edtulo ejecutivo, en los t\u00e9rminos del art\u00edculo 523 del c\u00f3digo procesal civil y comercial de la naci\u00f3n y concordantes.<\/span><\/span><\/p>\n<p style=\"text-align: justify;\"><span style=\"font-family: verdana, geneva, sans-serif;\"><strong><span style=\"text-decoration: underline;\">Leyenda 2<\/span><\/strong><span style=\"font-weight: 400;\">: \u201csu aceptaci\u00f3n, expresa o t\u00e1cita, implicar\u00e1 la plena conformidad para la transferencia de la informaci\u00f3n contenida en el documento desde el \u201cregistro de facturas electr\u00f3nicas MiPyMes\u201d a terceros, en caso de que el vendedor o locador optase por su cesi\u00f3n, transmisi\u00f3n o negociaci\u00f3n\u201d<\/span><\/span><\/p>\n","protected":false},"excerpt":{"rendered":"<p>Tendr\u00e1 el mismo formato y similares caracter\u00edsticas que las previstas para factura electr\u00f3nica, sin embargo, para que sea v\u00e1lida, deber\u00e1 contar con las particularidades que se detallan a continuaci\u00f3n:<\/p>\n","protected":false},"author":1,"featured_media":0,"comment_status":"closed","ping_status":"open","sticky":false,"template":"","format":"standard","meta":{"footnotes":""},"categories":[3],"tags":[],"class_list":["post-77975","post","type-post","status-publish","format-standard","hentry","category-ultimas-noticias"],"_links":{"self":[{"href":"https:\/\/ic.tecnopc.com.ar\/index.php\/wp-json\/wp\/v2\/posts\/77975","targetHints":{"allow":["GET"]}}],"collection":[{"href":"https:\/\/ic.tecnopc.com.ar\/index.php\/wp-json\/wp\/v2\/posts"}],"about":[{"href":"https:\/\/ic.tecnopc.com.ar\/index.php\/wp-json\/wp\/v2\/types\/post"}],"author":[{"embeddable":true,"href":"https:\/\/ic.tecnopc.com.ar\/index.php\/wp-json\/wp\/v2\/users\/1"}],"replies":[{"embeddable":true,"href":"https:\/\/ic.tecnopc.com.ar\/index.php\/wp-json\/wp\/v2\/comments?post=77975"}],"version-history":[{"count":0,"href":"https:\/\/ic.tecnopc.com.ar\/index.php\/wp-json\/wp\/v2\/posts\/77975\/revisions"}],"wp:attachment":[{"href":"https:\/\/ic.tecnopc.com.ar\/index.php\/wp-json\/wp\/v2\/media?parent=77975"}],"wp:term":[{"taxonomy":"category","embeddable":true,"href":"https:\/\/ic.tecnopc.com.ar\/index.php\/wp-json\/wp\/v2\/categories?post=77975"},{"taxonomy":"post_tag","embeddable":true,"href":"https:\/\/ic.tecnopc.com.ar\/index.php\/wp-json\/wp\/v2\/tags?post=77975"}],"curies":[{"name":"wp","href":"https:\/\/api.w.org\/{rel}","templated":true}]}}