{"id":77977,"date":"2019-10-15T10:01:25","date_gmt":"2019-10-15T13:01:25","guid":{"rendered":"https:\/\/iulianocooreman.com.ar\/es\/?p=74936"},"modified":"2019-10-15T10:01:25","modified_gmt":"2019-10-15T13:01:25","slug":"banco-central-mayor-control-con-deudas-en-el-exterior-2","status":"publish","type":"post","link":"https:\/\/ic.tecnopc.com.ar\/index.php\/2019\/10\/15\/banco-central-mayor-control-con-deudas-en-el-exterior-2\/","title":{"rendered":"BANCO CENTRAL: MAYOR CONTROL CON DEUDAS EN EL EXTERIOR"},"content":{"rendered":"<p style=\"text-align: justify;\"><span style=\"font-weight: 400; font-family: verdana, geneva, sans-serif; color: #3366ff;\">Se transform\u00f3 en una declaraci\u00f3n jurada lo que antes era una encuesta y se bajaron los montos para obligar a casi todas las personas y empresas a declarar.<\/span><!--more--><\/p>\n<p style=\"text-align: justify;\"><span style=\"font-weight: 400; font-family: verdana, geneva, sans-serif;\">Con la COMUNICACI\u00d3N \u201cA\u201d 6795 del BCRA del 27\/09\/2019, que modifica la Comunicaci\u00f3n \u201cA\u201d 6401, se ampli\u00f3 el marco normativo, INCLUYENDO AHORA TAMBI\u00c9N A LAS PERSONAS HUMANAS POR CUALQUIER IMPORTE, entre lo que destacamos:<\/span><\/p>\n<ol style=\"list-style-type: lower-alpha;\">\n<li style=\"font-weight: 400;\"><span style=\"font-weight: 400; font-family: verdana, geneva, sans-serif;\">Se establece su car\u00e1cter de declaraci\u00f3n jurada y ya no de fines estad\u00edsticos.<\/span><\/li>\n<li style=\"font-weight: 400;\"><span style=\"font-weight: 400; font-family: verdana, geneva, sans-serif;\">Se ampl\u00eda la obligaci\u00f3n incluyendo a personas f\u00edsicas y jur\u00eddicas a realizar la declaraci\u00f3n en caso de presentar deudas con no residentes inferiores al USD 1.000.000 al final de los a\u00f1os 2018 y 2019<\/span><\/li>\n<li style=\"font-weight: 400;\">\n<h4><span style=\"font-family: verdana, geneva, sans-serif;\"><b>Se extiende el alcance a las personas humanas, cualquiera sea el importe, con deudas con NO residentes al 31\/12\/2018 y 31\/12\/2019 (en formato simplificado) \u2013 Incluso aunque no estuvieran originalmente alcanzados.<\/b><\/span><\/h4>\n<\/li>\n<li style=\"font-weight: 400;\"><span style=\"font-weight: 400; font-family: verdana, geneva, sans-serif;\">Se determina que a partir del primer trimestre de 2020 todas las personas jur\u00eddicas y humanas que tengan deuda al final del trimestre calendario o la hubieran cancelado durante ese per\u00edodo deber\u00e1n presentar el Relevamiento.<\/span><\/li>\n<li style=\"font-weight: 400;\"><span style=\"font-weight: 400; font-family: verdana, geneva, sans-serif;\">Aquellos que al final de cada a\u00f1o tengan activos y pasivos externos por m\u00e1s de U$S 50 millones deber\u00e1n presentar \u2013a partir de 2020- una declaraci\u00f3n jurada para ratificar o rectificar las trimestrales.<\/span><\/li>\n<li style=\"font-weight: 400;\"><span style=\"font-weight: 400; font-family: verdana, geneva, sans-serif;\">Los vencimientos para las presentaciones ser\u00e1n de 45 d\u00edas desde la finalizaci\u00f3n del trimestre y de 180 d\u00edas para las anuales. Se ponen plazos especiales para las presentaciones anuales de 2018 y 2019<\/span><\/li>\n<li style=\"font-weight: 400;\"><span style=\"font-weight: 400; font-family: verdana, geneva, sans-serif;\">Pr\u00f3ximos Vencimientos:<\/span>\n<ul>\n<li style=\"font-weight: 400;\"><span style=\"font-weight: 400; font-family: verdana, geneva, sans-serif;\">DDJJ ANUAL<\/span>\n<ul>\n<li style=\"font-weight: 400;\"><span style=\"font-weight: 400; font-family: verdana, geneva, sans-serif;\">Muestra Secundaria y Complementaria:<\/span>\n<ul>\n<li style=\"font-weight: 400;\"><span style=\"font-weight: 400; font-family: verdana, geneva, sans-serif;\">DDJJ 2018: Vto. 30\/09\/2019<\/span><\/li>\n<li style=\"font-weight: 400;\"><span style=\"font-weight: 400; font-family: verdana, geneva, sans-serif;\">DDJJ 2019: Vto. 14\/02\/2020<\/span><\/li>\n<\/ul>\n<\/li>\n<li style=\"font-weight: 400;\"><span style=\"font-weight: 400; font-family: verdana, geneva, sans-serif;\">Personas F\u00edsicas y Jur\u00eddicas con saldo inferior a u$s1.000.000.-<\/span>\n<ul>\n<li style=\"font-weight: 400;\"><span style=\"font-weight: 400; font-family: verdana, geneva, sans-serif;\">DDJJ 2018: Vto. 14\/09\/2019<\/span><\/li>\n<li style=\"font-weight: 400;\"><span style=\"font-weight: 400; font-family: verdana, geneva, sans-serif;\">DDJJ 2019: Vto. 14\/02\/2020<\/span><\/li>\n<\/ul>\n<\/li>\n<\/ul>\n<\/li>\n<li style=\"font-weight: 400;\"><span style=\"font-weight: 400; font-family: verdana, geneva, sans-serif;\">Vencimientos a partir del primer trimestre 2020:<\/span>\n<ul>\n<li style=\"font-weight: 400;\"><span style=\"font-weight: 400; font-family: verdana, geneva, sans-serif;\">PRESENTACI\u00d3N TRIMESTRAL:<\/span>\n<ul>\n<li style=\"font-weight: 400;\"><span style=\"font-weight: 400; font-family: verdana, geneva, sans-serif;\">Todas las personas F\u00edsicas y Jur\u00eddicas con pasivos externos a fin de cualquier trimestre calendario, o que los hubieran cancelado durante ese trimestre 45 d\u00edas corridos desde el cierre del trimestre calendario<\/span><\/li>\n<\/ul>\n<\/li>\n<li style=\"font-weight: 400;\"><span style=\"font-weight: 400; font-family: verdana, geneva, sans-serif;\">PRESENTACI\u00d3N ANUAL:<\/span>\n<ul>\n<li style=\"font-weight: 400;\"><span style=\"font-family: verdana, geneva, sans-serif;\"><i><span style=\"font-weight: 400;\">\u00danicamente Muestra Principal: 180 d\u00edas corridos desde el cierre del a\u00f1o calendario<\/span><span style=\"font-weight: 400;\">\u00a0<\/span><\/i><\/span><\/li>\n<\/ul>\n<\/li>\n<\/ul>\n<\/li>\n<\/ul>\n<\/li>\n<\/ol>\n<ul>\n<li style=\"list-style-type: none;\"><\/li>\n<\/ul>\n<p>&nbsp;<\/p>\n","protected":false},"excerpt":{"rendered":"<p>Se transform\u00f3 en una declaraci\u00f3n jurada lo que antes era una encuesta y se bajaron los montos para obligar a casi todas las personas y empresas a declarar.<\/p>\n","protected":false},"author":1,"featured_media":0,"comment_status":"closed","ping_status":"open","sticky":false,"template":"","format":"standard","meta":{"footnotes":""},"categories":[3],"tags":[],"class_list":["post-77977","post","type-post","status-publish","format-standard","hentry","category-ultimas-noticias"],"_links":{"self":[{"href":"https:\/\/ic.tecnopc.com.ar\/index.php\/wp-json\/wp\/v2\/posts\/77977","targetHints":{"allow":["GET"]}}],"collection":[{"href":"https:\/\/ic.tecnopc.com.ar\/index.php\/wp-json\/wp\/v2\/posts"}],"about":[{"href":"https:\/\/ic.tecnopc.com.ar\/index.php\/wp-json\/wp\/v2\/types\/post"}],"author":[{"embeddable":true,"href":"https:\/\/ic.tecnopc.com.ar\/index.php\/wp-json\/wp\/v2\/users\/1"}],"replies":[{"embeddable":true,"href":"https:\/\/ic.tecnopc.com.ar\/index.php\/wp-json\/wp\/v2\/comments?post=77977"}],"version-history":[{"count":0,"href":"https:\/\/ic.tecnopc.com.ar\/index.php\/wp-json\/wp\/v2\/posts\/77977\/revisions"}],"wp:attachment":[{"href":"https:\/\/ic.tecnopc.com.ar\/index.php\/wp-json\/wp\/v2\/media?parent=77977"}],"wp:term":[{"taxonomy":"category","embeddable":true,"href":"https:\/\/ic.tecnopc.com.ar\/index.php\/wp-json\/wp\/v2\/categories?post=77977"},{"taxonomy":"post_tag","embeddable":true,"href":"https:\/\/ic.tecnopc.com.ar\/index.php\/wp-json\/wp\/v2\/tags?post=77977"}],"curies":[{"name":"wp","href":"https:\/\/api.w.org\/{rel}","templated":true}]}}