{"id":77982,"date":"2019-11-06T09:06:11","date_gmt":"2019-11-06T12:06:11","guid":{"rendered":"https:\/\/iulianocooreman.com.ar\/es\/?p=74965"},"modified":"2019-11-06T09:06:11","modified_gmt":"2019-11-06T12:06:11","slug":"afip-prorroga-para-pagar-cargas-sociales-con-iva-2","status":"publish","type":"post","link":"https:\/\/ic.tecnopc.com.ar\/index.php\/2019\/11\/06\/afip-prorroga-para-pagar-cargas-sociales-con-iva-2\/","title":{"rendered":"AFIP: PRORROGA PARA PAGAR CARGAS SOCIALES CON IVA"},"content":{"rendered":"<p style=\"text-align: justify;\"><span style=\"font-weight: 400; font-family: verdana, geneva, sans-serif; color: #3366ff;\">Se prorrog\u00f3 el plazo del 31 de octubre al 31 de diciembre de 2019.<\/span><!--more--><\/p>\n<p style=\"text-align: justify;\"><span style=\"font-weight: 400; font-family: verdana, geneva, sans-serif;\">Como dijimos en nuestro anterior, es s\u00f3lo para MICRO y PEQUE\u00d1AS Empresas, aplica s\u00f3lo para Contribuciones del SUSS (No aportes) y tiene como tope no m\u00e1s del 20% de esas contribuciones.<\/span><\/p>\n<p style=\"text-align: justify;\"><span style=\"font-weight: 400; font-family: verdana, geneva, sans-serif;\">Los contribuyentes que sean Micro o Peque\u00f1as Empresas, inscriptos en el \u201cRegistro de Empresas MiPyMES\u201d, podr\u00e1n afectar el saldo a favor de libre disponibilidad del impuesto al valor agregado registrado en el sistema de \u201cCuentas Tributarias\u201d a la cancelaci\u00f3n de las contribuciones de la seguridad social -c\u00f3digo de impuesto 351-.<\/span><\/p>\n<p style=\"text-align: justify;\"><span style=\"font-weight: 400; font-family: verdana, geneva, sans-serif;\">CONDICIONES EXCLUYENTES:<\/span><\/p>\n<ul>\n<li style=\"text-align: justify;\"><span style=\"font-family: verdana, geneva, sans-serif;\"><span style=\"font-weight: 400;\">Que se encuentren presentadas las <\/span><span style=\"font-weight: 400;\">DDJJ de IVA de los per\u00edodos no prescriptos<\/span><span style=\"font-weight: 400;\">.<\/span><\/span><\/li>\n<li style=\"text-align: justify;\"><span style=\"font-family: verdana, geneva, sans-serif;\"><span style=\"font-weight: 400;\">Que <\/span><span style=\"font-weight: 400;\">se encuentre presentada DDJJ del F. 931<\/span><span style=\"font-weight: 400;\"> del per\u00edodo mensual a cancelar.<\/span><\/span><\/li>\n<li style=\"text-align: justify;\"><span style=\"font-family: verdana, geneva, sans-serif;\"><span style=\"font-weight: 400;\">Ser Micro o Peque\u00f1a y estar inscriptos en el \u201c<\/span><span style=\"font-weight: 400;\">Registro de Empresas MiPyMES<\/span><span style=\"font-weight: 400;\">\u201d.<\/span><\/span><\/li>\n<\/ul>\n<p><span style=\"font-weight: 400; font-family: verdana, geneva, sans-serif;\">L\u00cdMITES PARA COMPENSAR:<\/span><\/p>\n<ul>\n<li style=\"text-align: justify;\"><span style=\"font-family: verdana, geneva, sans-serif;\"><span style=\"font-weight: 400;\">\u00danicamente para las <\/span><span style=\"font-weight: 400;\">contribuciones <\/span><span style=\"font-weight: 400;\">de la seguridad social c\u00f3digo 351.<\/span><\/span><\/li>\n<li style=\"text-align: justify;\"><span style=\"font-family: verdana, geneva, sans-serif;\"><span style=\"font-weight: 400;\">Determinadas por el <\/span><span style=\"font-weight: 400;\">per\u00edodo mensual inmediato anterior<\/span><span style=\"font-weight: 400;\"> a la fecha de la solicitud.<\/span><\/span><\/li>\n<li style=\"text-align: justify;\"><span style=\"font-family: verdana, geneva, sans-serif;\"><span style=\"font-weight: 400;\">No podr\u00e1 superar el 20% del monto total de las contribuciones (c\u00f3digo 351)<\/span><span style=\"font-weight: 400;\"> ni el importe adeudado por las mismas.<\/span><\/span><\/li>\n<li style=\"text-align: justify;\"><span style=\"font-family: verdana, geneva, sans-serif;\"><span style=\"font-weight: 400;\">La solicitud de compensaci\u00f3n <\/span><span style=\"font-weight: 400;\">podr\u00e1 efectuarse hasta el 31-12-2019<\/span><span style=\"font-weight: 400;\"> (antes era hasta el 31\/10\/2019)<\/span><\/span><\/li>\n<\/ul>\n","protected":false},"excerpt":{"rendered":"<p>Se prorrog\u00f3 el plazo del 31 de octubre al 31 de diciembre de 2019.<\/p>\n","protected":false},"author":1,"featured_media":0,"comment_status":"closed","ping_status":"open","sticky":false,"template":"","format":"standard","meta":{"footnotes":""},"categories":[3],"tags":[],"class_list":["post-77982","post","type-post","status-publish","format-standard","hentry","category-ultimas-noticias"],"_links":{"self":[{"href":"https:\/\/ic.tecnopc.com.ar\/index.php\/wp-json\/wp\/v2\/posts\/77982","targetHints":{"allow":["GET"]}}],"collection":[{"href":"https:\/\/ic.tecnopc.com.ar\/index.php\/wp-json\/wp\/v2\/posts"}],"about":[{"href":"https:\/\/ic.tecnopc.com.ar\/index.php\/wp-json\/wp\/v2\/types\/post"}],"author":[{"embeddable":true,"href":"https:\/\/ic.tecnopc.com.ar\/index.php\/wp-json\/wp\/v2\/users\/1"}],"replies":[{"embeddable":true,"href":"https:\/\/ic.tecnopc.com.ar\/index.php\/wp-json\/wp\/v2\/comments?post=77982"}],"version-history":[{"count":0,"href":"https:\/\/ic.tecnopc.com.ar\/index.php\/wp-json\/wp\/v2\/posts\/77982\/revisions"}],"wp:attachment":[{"href":"https:\/\/ic.tecnopc.com.ar\/index.php\/wp-json\/wp\/v2\/media?parent=77982"}],"wp:term":[{"taxonomy":"category","embeddable":true,"href":"https:\/\/ic.tecnopc.com.ar\/index.php\/wp-json\/wp\/v2\/categories?post=77982"},{"taxonomy":"post_tag","embeddable":true,"href":"https:\/\/ic.tecnopc.com.ar\/index.php\/wp-json\/wp\/v2\/tags?post=77982"}],"curies":[{"name":"wp","href":"https:\/\/api.w.org\/{rel}","templated":true}]}}