{"id":77983,"date":"2019-11-14T09:57:31","date_gmt":"2019-11-14T12:57:31","guid":{"rendered":"https:\/\/iulianocooreman.com.ar\/es\/?p=74968"},"modified":"2019-11-14T09:57:31","modified_gmt":"2019-11-14T12:57:31","slug":"no-habra-embargos-de-afip-hasta-el-30-11-19-2","status":"publish","type":"post","link":"https:\/\/ic.tecnopc.com.ar\/index.php\/2019\/11\/14\/no-habra-embargos-de-afip-hasta-el-30-11-19-2\/","title":{"rendered":"NO HABR\u00c1 EMBARGOS DE AFIP HASTA EL 30\/11\/19"},"content":{"rendered":"<p style=\"text-align: justify;\"><span style=\"font-family: verdana, geneva, sans-serif; color: #3366ff;\">La AFIP oficializ\u00f3 la pr\u00f3rroga en la suspensi\u00f3n de embargos a PyMEs hasta el 30 de noviembre de 2019.<\/span><!--more--><\/p>\n<p style=\"text-align: justify;\"><span style=\"font-family: verdana, geneva, sans-serif;\">La Resoluci\u00f3n modifica el art\u00edculo 20 de la Resoluci\u00f3n General 4557 estableciendo que se suspenden entre los d\u00edas 14 de agosto de 2019 y 30 de noviembre de 2019, ambos inclusive, la traba de medidas cautelares correspondientes a sujetos que registren la condici\u00f3n de Micro, Peque\u00f1as y Medianas Empresas, inscriptos en el \u201cRegistro de Empresas MiPyMES\u201d, as\u00ed como aquellos contribuyentes que se encuentren caracterizados en el \u201cSistema Registral\u201d como \u201cPotencial Micro, Peque\u00f1a y Mediana Empresa \u2013 Tramo I y II\u201d, en los t\u00e9rminos de la Resoluci\u00f3n General N\u00b0 4.568 y su modificatoria.<\/span><\/p>\n<p style=\"text-align: justify;\"><span style=\"font-family: verdana, geneva, sans-serif;\">Originalmente se hab\u00eda otorgado un plazo de 90 d\u00edas corridos contados a partir del 14 de agosto con lo cual el \u00faltimo d\u00eda hab\u00eda sido el pasado lunes 11 de noviembre.<\/span><\/p>\n<p style=\"text-align: justify;\"><span style=\"font-family: verdana, geneva, sans-serif;\">Por otra parte, se establece que finalizado el plazo, es decir a partir del 1 de diciembre pr\u00f3ximo, la traba de medidas cautelares afectadas por la suspensi\u00f3n deber\u00e1 efectuarse, en caso de corresponder, en forma progresiva entre los meses de diciembre de 2019 y marzo de 2020, ambos inclusive, de conformidad con las pautas que a tal efecto establezca la AFIP.<\/span><\/p>\n<p style=\"text-align: justify;\"><span style=\"font-family: verdana, geneva, sans-serif;\">De tal modo, habr\u00e1 que esperar la reglamentaci\u00f3n del \u00e1rea del organismo que corresponda para dilucidar como se aplicar\u00e1 la progresividad aprobada por la norma publicada hoy<\/span><\/p>\n","protected":false},"excerpt":{"rendered":"<p>La AFIP oficializ\u00f3 la pr\u00f3rroga en la suspensi\u00f3n de embargos a PyMEs hasta el 30 de noviembre de 2019.<\/p>\n","protected":false},"author":1,"featured_media":0,"comment_status":"closed","ping_status":"open","sticky":false,"template":"","format":"standard","meta":{"footnotes":""},"categories":[3],"tags":[],"class_list":["post-77983","post","type-post","status-publish","format-standard","hentry","category-ultimas-noticias"],"_links":{"self":[{"href":"https:\/\/ic.tecnopc.com.ar\/index.php\/wp-json\/wp\/v2\/posts\/77983","targetHints":{"allow":["GET"]}}],"collection":[{"href":"https:\/\/ic.tecnopc.com.ar\/index.php\/wp-json\/wp\/v2\/posts"}],"about":[{"href":"https:\/\/ic.tecnopc.com.ar\/index.php\/wp-json\/wp\/v2\/types\/post"}],"author":[{"embeddable":true,"href":"https:\/\/ic.tecnopc.com.ar\/index.php\/wp-json\/wp\/v2\/users\/1"}],"replies":[{"embeddable":true,"href":"https:\/\/ic.tecnopc.com.ar\/index.php\/wp-json\/wp\/v2\/comments?post=77983"}],"version-history":[{"count":0,"href":"https:\/\/ic.tecnopc.com.ar\/index.php\/wp-json\/wp\/v2\/posts\/77983\/revisions"}],"wp:attachment":[{"href":"https:\/\/ic.tecnopc.com.ar\/index.php\/wp-json\/wp\/v2\/media?parent=77983"}],"wp:term":[{"taxonomy":"category","embeddable":true,"href":"https:\/\/ic.tecnopc.com.ar\/index.php\/wp-json\/wp\/v2\/categories?post=77983"},{"taxonomy":"post_tag","embeddable":true,"href":"https:\/\/ic.tecnopc.com.ar\/index.php\/wp-json\/wp\/v2\/tags?post=77983"}],"curies":[{"name":"wp","href":"https:\/\/api.w.org\/{rel}","templated":true}]}}