{"id":77991,"date":"2019-12-13T09:59:35","date_gmt":"2019-12-13T12:59:35","guid":{"rendered":"https:\/\/iulianocooreman.com.ar\/es\/?p=74990"},"modified":"2019-12-13T09:59:35","modified_gmt":"2019-12-13T12:59:35","slug":"pymes-dos-noticias-importantes-2","status":"publish","type":"post","link":"https:\/\/ic.tecnopc.com.ar\/index.php\/2019\/12\/13\/pymes-dos-noticias-importantes-2\/","title":{"rendered":"PYMES: DOS NOTICIAS IMPORTANTES"},"content":{"rendered":"<p style=\"text-align: justify;\"><span style=\"font-family: verdana, geneva, sans-serif; color: #3030e6;\"><b>AUMENTO DE TOPES PARA MIPYMES<\/b><\/span><\/p>\n<p style=\"text-align: justify;\"><span style=\"font-family: verdana, geneva, sans-serif; color: #3366ff;\"><span style=\"font-weight: 400;\">Se modific\u00f3 la\u00a0<\/span><a style=\"color: #3366ff;\" href=\"http:\/\/contadoresenred.com\/pymes-unifican-normas-y-condiciones-para-tramitar-certificado-resolucion-220-19\/\"><span style=\"font-weight: 400;\">Resoluci\u00f3n 220\/19<\/span><\/a><span style=\"font-weight: 400;\">\u00a0 de la SEPYME. El aumento sostenido y generalizado de precios\u00a0influy\u00f3 en el incremento de topes, para que puedan quedar incluidas dentro del universo MiPyME o queden encuadradas en algunas de las diversas categor\u00edas<\/span><span style=\"font-weight: 400;\">.<\/span><\/span><!--more--><\/p>\n<p style=\"text-align: justify;\"><span style=\"font-family: verdana, geneva, sans-serif;\">A. Valores m\u00e1ximos de las ventas totales anuales:<\/span><\/p>\n<p style=\"text-align: justify;\"><img loading=\"lazy\" decoding=\"async\" class=\"alignnone size-full wp-image-74993\" src=\"https:\/\/ic.tecnopc.com.ar\/wp-content\/uploads\/2019\/12\/tabla-1.png\" alt=\"\" width=\"789\" height=\"139\" srcset=\"https:\/\/ic.tecnopc.com.ar\/wp-content\/uploads\/2019\/12\/tabla-1.png 789w, https:\/\/ic.tecnopc.com.ar\/wp-content\/uploads\/2019\/12\/tabla-1-300x53.png 300w, https:\/\/ic.tecnopc.com.ar\/wp-content\/uploads\/2019\/12\/tabla-1-768x135.png 768w\" sizes=\"auto, (max-width: 789px) 100vw, 789px\" \/><\/p>\n<p style=\"text-align: justify;\"><span style=\"font-family: verdana, geneva, sans-serif;\">B. Cantidad m\u00e1xima de empleados:<\/span><\/p>\n<p style=\"text-align: justify;\"><img loading=\"lazy\" decoding=\"async\" class=\"alignnone size-full wp-image-74992\" src=\"https:\/\/ic.tecnopc.com.ar\/wp-content\/uploads\/2019\/12\/tabla-2.png\" alt=\"\" width=\"791\" height=\"139\" srcset=\"https:\/\/ic.tecnopc.com.ar\/wp-content\/uploads\/2019\/12\/tabla-2.png 791w, https:\/\/ic.tecnopc.com.ar\/wp-content\/uploads\/2019\/12\/tabla-2-300x53.png 300w, https:\/\/ic.tecnopc.com.ar\/wp-content\/uploads\/2019\/12\/tabla-2-768x135.png 768w\" sizes=\"auto, (max-width: 791px) 100vw, 791px\" \/><\/p>\n<p style=\"text-align: justify;\"><span style=\"font-family: verdana, geneva, sans-serif;\">C. L\u00edmite de Activos:<\/span><\/p>\n<p style=\"text-align: justify;\"><img loading=\"lazy\" decoding=\"async\" class=\"alignnone size-full wp-image-74991\" src=\"https:\/\/ic.tecnopc.com.ar\/wp-content\/uploads\/2019\/12\/tabla-3.png\" alt=\"\" width=\"168\" height=\"85\" \/><\/p>\n<p style=\"text-align: justify;\"><span style=\"font-family: verdana, geneva, sans-serif;\"><b>Vigencia:\u00a0<\/b><span style=\"font-weight: 400;\">\u00a011\/12\/2019, a partir del d\u00eda siguiente al de su publicaci\u00f3n en el Bolet\u00edn Oficial.<\/span><\/span><\/p>\n<p style=\"text-align: justify;\"><span style=\"font-weight: 400; font-family: verdana, geneva, sans-serif;\">Resoluci\u00f3n 563\/2019<\/span><\/p>\n<p style=\"text-align: justify;\"><span style=\"font-family: verdana, geneva, sans-serif; color: #3030e6;\"><b>FACTURA DE CR\u00c9DITO ELECTR\u00d3NICA MIPYMES<\/b><\/span><\/p>\n<p style=\"text-align: justify;\"><span style=\"font-weight: 400; font-family: verdana, geneva, sans-serif; color: #3366ff;\">Se prorroga el plazo para la aceptaci\u00f3n y el cumplimiento de la aceptaci\u00f3n t\u00e1cita de las Facturas de Cr\u00e9dito, y se ajustar\u00e1 en forma anual el monto m\u00ednimo para su emisi\u00f3n obligatoria.<\/span><\/p>\n<p style=\"text-align: justify;\"><span style=\"font-weight: 400; font-family: verdana, geneva, sans-serif;\">Se prorroga hasta el 31\/12\/2020 la extensi\u00f3n del plazo a 30 d\u00edas corridos para la aceptaci\u00f3n de las \u201cFacturas de Cr\u00e9dito Electr\u00f3nicas MiPyMEs.<\/span><\/p>\n<p style=\"text-align: justify;\"><span style=\"font-weight: 400; font-family: verdana, geneva, sans-serif;\">Asimismo, se establece que a partir del 28\/02\/2020 el importe m\u00ednimo de $100.000.- a partir del cual se emite la Factura de Cr\u00e9dito Electr\u00f3nica, se actualizar\u00e1 en forma anual, respetando el momento y el porcentaje de aumento sobre el tope establecido para la categor\u00eda Micro de la Actividad de Servicios.<\/span><\/p>\n","protected":false},"excerpt":{"rendered":"<p>Se modific\u00f3 la\u00a0Resoluci\u00f3n 220\/19\u00a0 de la SEPYME. El aumento sostenido y generalizado de precios\u00a0influy\u00f3 en el incremento de topes, para que puedan quedar incluidas dentro del universo MiPyME o queden encuadradas en algunas de las diversas categor\u00edas.<\/p>\n","protected":false},"author":1,"featured_media":0,"comment_status":"closed","ping_status":"open","sticky":false,"template":"","format":"standard","meta":{"footnotes":""},"categories":[3],"tags":[],"class_list":["post-77991","post","type-post","status-publish","format-standard","hentry","category-ultimas-noticias"],"_links":{"self":[{"href":"https:\/\/ic.tecnopc.com.ar\/index.php\/wp-json\/wp\/v2\/posts\/77991","targetHints":{"allow":["GET"]}}],"collection":[{"href":"https:\/\/ic.tecnopc.com.ar\/index.php\/wp-json\/wp\/v2\/posts"}],"about":[{"href":"https:\/\/ic.tecnopc.com.ar\/index.php\/wp-json\/wp\/v2\/types\/post"}],"author":[{"embeddable":true,"href":"https:\/\/ic.tecnopc.com.ar\/index.php\/wp-json\/wp\/v2\/users\/1"}],"replies":[{"embeddable":true,"href":"https:\/\/ic.tecnopc.com.ar\/index.php\/wp-json\/wp\/v2\/comments?post=77991"}],"version-history":[{"count":0,"href":"https:\/\/ic.tecnopc.com.ar\/index.php\/wp-json\/wp\/v2\/posts\/77991\/revisions"}],"wp:attachment":[{"href":"https:\/\/ic.tecnopc.com.ar\/index.php\/wp-json\/wp\/v2\/media?parent=77991"}],"wp:term":[{"taxonomy":"category","embeddable":true,"href":"https:\/\/ic.tecnopc.com.ar\/index.php\/wp-json\/wp\/v2\/categories?post=77991"},{"taxonomy":"post_tag","embeddable":true,"href":"https:\/\/ic.tecnopc.com.ar\/index.php\/wp-json\/wp\/v2\/tags?post=77991"}],"curies":[{"name":"wp","href":"https:\/\/api.w.org\/{rel}","templated":true}]}}