{"id":77992,"date":"2019-12-17T11:02:48","date_gmt":"2019-12-17T14:02:48","guid":{"rendered":"https:\/\/iulianocooreman.com.ar\/es\/?p=74997"},"modified":"2019-12-17T11:02:48","modified_gmt":"2019-12-17T14:02:48","slug":"doble-indemnizacion-para-despidos-sin-causa-2","status":"publish","type":"post","link":"https:\/\/ic.tecnopc.com.ar\/index.php\/2019\/12\/17\/doble-indemnizacion-para-despidos-sin-causa-2\/","title":{"rendered":"DOBLE INDEMNIZACI\u00d3N PARA DESPIDOS SIN CAUSA"},"content":{"rendered":"<p style=\"text-align: justify;\"><span style=\"font-weight: 400; font-family: verdana, geneva, sans-serif; color: #3366ff;\">El Decreto 34\/2019 declar\u00f3 la emergencia p\u00fablica en materia ocupacional, por 180 d\u00edas a partir del 13\/12\/2019.<\/span><!--more--><\/p>\n<p style=\"text-align: justify;\"><span style=\"font-weight: 400; font-family: verdana, geneva, sans-serif;\">Es importante tener en cuenta lo siguiente:<\/span><\/p>\n<ol>\n<li style=\"font-weight: 400; text-align: justify;\"><span style=\"font-weight: 400; font-family: verdana, geneva, sans-serif;\">Es exclusivamente para trabajadores despedidos sin justa causa.<\/span><\/li>\n<li style=\"font-weight: 400; text-align: justify;\"><span style=\"font-weight: 400; font-family: verdana, geneva, sans-serif;\">Tendr\u00e1n derecho a percibir el doble de todos los rubros indemnizatorios de la liquidaci\u00f3n final.<\/span><\/li>\n<li style=\"font-weight: 400; text-align: justify;\"><span style=\"font-weight: 400; font-family: verdana, geneva, sans-serif;\">No incluye a los contratados con posterioridad a la fecha indicada para facilitar la contrataci\u00f3n de personal.<\/span><\/li>\n<\/ol>\n","protected":false},"excerpt":{"rendered":"<p>El Decreto 34\/2019 declar\u00f3 la emergencia p\u00fablica en materia ocupacional, por 180 d\u00edas a partir del 13\/12\/2019.<\/p>\n","protected":false},"author":1,"featured_media":0,"comment_status":"closed","ping_status":"open","sticky":false,"template":"","format":"standard","meta":{"footnotes":""},"categories":[3],"tags":[],"class_list":["post-77992","post","type-post","status-publish","format-standard","hentry","category-ultimas-noticias"],"_links":{"self":[{"href":"https:\/\/ic.tecnopc.com.ar\/index.php\/wp-json\/wp\/v2\/posts\/77992","targetHints":{"allow":["GET"]}}],"collection":[{"href":"https:\/\/ic.tecnopc.com.ar\/index.php\/wp-json\/wp\/v2\/posts"}],"about":[{"href":"https:\/\/ic.tecnopc.com.ar\/index.php\/wp-json\/wp\/v2\/types\/post"}],"author":[{"embeddable":true,"href":"https:\/\/ic.tecnopc.com.ar\/index.php\/wp-json\/wp\/v2\/users\/1"}],"replies":[{"embeddable":true,"href":"https:\/\/ic.tecnopc.com.ar\/index.php\/wp-json\/wp\/v2\/comments?post=77992"}],"version-history":[{"count":0,"href":"https:\/\/ic.tecnopc.com.ar\/index.php\/wp-json\/wp\/v2\/posts\/77992\/revisions"}],"wp:attachment":[{"href":"https:\/\/ic.tecnopc.com.ar\/index.php\/wp-json\/wp\/v2\/media?parent=77992"}],"wp:term":[{"taxonomy":"category","embeddable":true,"href":"https:\/\/ic.tecnopc.com.ar\/index.php\/wp-json\/wp\/v2\/categories?post=77992"},{"taxonomy":"post_tag","embeddable":true,"href":"https:\/\/ic.tecnopc.com.ar\/index.php\/wp-json\/wp\/v2\/tags?post=77992"}],"curies":[{"name":"wp","href":"https:\/\/api.w.org\/{rel}","templated":true}]}}