{"id":78007,"date":"2020-03-20T13:52:34","date_gmt":"2020-03-20T16:52:34","guid":{"rendered":"https:\/\/iulianocooreman.com.ar\/es\/?p=75046"},"modified":"2020-03-20T13:52:34","modified_gmt":"2020-03-20T16:52:34","slug":"la-salud-en-primer-lugar-pero-las-empresas-necesitan-medidas-urgentes-2","status":"publish","type":"post","link":"https:\/\/ic.tecnopc.com.ar\/index.php\/2020\/03\/20\/la-salud-en-primer-lugar-pero-las-empresas-necesitan-medidas-urgentes-2\/","title":{"rendered":"LA SALUD EN PRIMER LUGAR. PERO LAS EMPRESAS NECESITAN MEDIDAS URGENTES."},"content":{"rendered":"<p style=\"text-align: justify;\"><span style=\"font-family: verdana, geneva, sans-serif; color: #3366ff;\"><span style=\"font-weight: 400;\">El decreto 297\/20 determina que a fin de proteger la salud p\u00fablica, lo que constituye una obligaci\u00f3n inalienable del Estado nacional, se establece para todas las personas que habitan en el pa\u00eds o se encuentren en \u00e9l en forma temporaria, la medida de \u201caislamiento social, preventivo y obligatorio\u201d en los t\u00e9rminos indicados en el presente decreto. La misma regir\u00e1 <\/span><span style=\"font-weight: 400;\">desde el 20 hasta el 31 de marzo<\/span><span style=\"font-weight: 400;\"> inclusive del corriente a\u00f1o, pudi\u00e9ndose prorrogar este plazo por el tiempo que se considere necesario en atenci\u00f3n a la situaci\u00f3n epidemiol\u00f3gica.<\/span><\/span><!--more--><\/p>\n<p style=\"text-align: justify;\"><span style=\"font-weight: 400; font-family: verdana, geneva, sans-serif;\">Ante la inminencia de estas medidas, y tratando de colaborar con la toma de conciencia de que es imprescindible cuidarnos entre todos, pero a la vez preservar a quienes sustentan y hacen posible que la actividad econ\u00f3mica sea sostenible, permitiendo por ejemplo el pago de salarios sin facturaci\u00f3n alguna, en el d\u00eda de ayer nuestro Consejo Profesional elev\u00f3 un pedido al Ministerio de Econom\u00eda que se resume en los siguientes puntos:<\/span><\/p>\n<ul style=\"text-align: justify;\">\n<li><span style=\"font-weight: 400; font-family: verdana, geneva, sans-serif;\"> Reducci\u00f3n temporal de costos laborales y previsionales para las micro, peque\u00f1as y medianas empresas.<\/span><\/li>\n<li><span style=\"font-weight: 400; font-family: verdana, geneva, sans-serif;\"> Liberaci\u00f3n o atenuaci\u00f3n temporal de la cuota de monotributo, en su componente impositivo y previsional.<\/span><\/li>\n<li><span style=\"font-weight: 400; font-family: verdana, geneva, sans-serif;\"> Se otorguen l\u00edneas de cr\u00e9dito a tasa cero para micro, peque\u00f1as y medianas empresas.<\/span><\/li>\n<li><span style=\"font-weight: 400; font-family: verdana, geneva, sans-serif;\"> Se flexibilicen los requisitos para la obtenci\u00f3n del Certificado MIPyME, permitiendo el acceso a los administradores de sociedades, contribuyentes dados de baja y con CUIT en estado administrativo limitado, a los efectos de su inclusi\u00f3n en los beneficios del r\u00e9gimen de regularizaci\u00f3n.<\/span><\/li>\n<li><span style=\"font-weight: 400; font-family: verdana, geneva, sans-serif;\"> Se reprograme el cronograma de vencimientos para la presentaci\u00f3n de declaraciones juradas y pagos de tributos y recursos de la Seguridad Social, como as\u00ed tambi\u00e9n los respectivos reg\u00edmenes de informaci\u00f3n por el tiempo que se extienda la emergencia sanitaria.<\/span><\/li>\n<li><span style=\"font-weight: 400; font-family: verdana, geneva, sans-serif;\"> Se extiendan los plazos para acceder al r\u00e9gimen de regularizaci\u00f3n y realizar la repatriaci\u00f3n de activos financieros teniendo en cuenta la proximidad inminente de las fechas dispuestas por la normativa, atento a las dificultades para realizar gestiones por las circunstancias que son de p\u00fablico conocimiento.<\/span><\/li>\n<\/ul>\n<p style=\"text-align: justify;\"><span style=\"font-weight: 400; font-family: verdana, geneva, sans-serif;\">Hasta ahora no ha habido ninguna comunicaci\u00f3n formal de AFIP ni de otros organismos, ni implementaci\u00f3n de los anuncios econ\u00f3micos, que alivien en lo inmediato las obligaciones que deben cumplir estrictamente quienes son contribuyentes y no tienen ingresos para hacerlo.<\/span><\/p>\n","protected":false},"excerpt":{"rendered":"<p>El decreto 297\/20 determina que a fin de proteger la salud p\u00fablica, lo que constituye una obligaci\u00f3n inalienable del Estado nacional, se establece para todas las personas que habitan en el pa\u00eds o se encuentren en \u00e9l en forma temporaria, la medida de \u201caislamiento social, preventivo y obligatorio\u201d en los t\u00e9rminos indicados en el presente decreto. La misma regir\u00e1 desde el 20 hasta el 31 de marzo inclusive del corriente a\u00f1o, pudi\u00e9ndose prorrogar este plazo por el tiempo que se considere necesario en atenci\u00f3n a la situaci\u00f3n epidemiol\u00f3gica.<\/p>\n","protected":false},"author":1,"featured_media":0,"comment_status":"closed","ping_status":"open","sticky":false,"template":"","format":"standard","meta":{"footnotes":""},"categories":[3],"tags":[],"class_list":["post-78007","post","type-post","status-publish","format-standard","hentry","category-ultimas-noticias"],"_links":{"self":[{"href":"https:\/\/ic.tecnopc.com.ar\/index.php\/wp-json\/wp\/v2\/posts\/78007","targetHints":{"allow":["GET"]}}],"collection":[{"href":"https:\/\/ic.tecnopc.com.ar\/index.php\/wp-json\/wp\/v2\/posts"}],"about":[{"href":"https:\/\/ic.tecnopc.com.ar\/index.php\/wp-json\/wp\/v2\/types\/post"}],"author":[{"embeddable":true,"href":"https:\/\/ic.tecnopc.com.ar\/index.php\/wp-json\/wp\/v2\/users\/1"}],"replies":[{"embeddable":true,"href":"https:\/\/ic.tecnopc.com.ar\/index.php\/wp-json\/wp\/v2\/comments?post=78007"}],"version-history":[{"count":0,"href":"https:\/\/ic.tecnopc.com.ar\/index.php\/wp-json\/wp\/v2\/posts\/78007\/revisions"}],"wp:attachment":[{"href":"https:\/\/ic.tecnopc.com.ar\/index.php\/wp-json\/wp\/v2\/media?parent=78007"}],"wp:term":[{"taxonomy":"category","embeddable":true,"href":"https:\/\/ic.tecnopc.com.ar\/index.php\/wp-json\/wp\/v2\/categories?post=78007"},{"taxonomy":"post_tag","embeddable":true,"href":"https:\/\/ic.tecnopc.com.ar\/index.php\/wp-json\/wp\/v2\/tags?post=78007"}],"curies":[{"name":"wp","href":"https:\/\/api.w.org\/{rel}","templated":true}]}}