{"id":78008,"date":"2020-03-20T19:33:21","date_gmt":"2020-03-20T22:33:21","guid":{"rendered":"https:\/\/iulianocooreman.com.ar\/es\/?p=75048"},"modified":"2020-03-20T19:33:21","modified_gmt":"2020-03-20T22:33:21","slug":"ministerio-de-trabajo-medidas-2","status":"publish","type":"post","link":"https:\/\/ic.tecnopc.com.ar\/index.php\/2020\/03\/20\/ministerio-de-trabajo-medidas-2\/","title":{"rendered":"MINISTERIO DE TRABAJO: MEDIDAS"},"content":{"rendered":"<p style=\"text-align: justify;\"><span style=\"font-weight: 400; font-family: verdana, geneva, sans-serif; color: #3366ff;\">Por Resoluci\u00f3n 219\/2020, el ministerio de Trabajo de la Naci\u00f3n reglament\u00f3 la aplicaci\u00f3n en el \u00e1mbito laboral del DNU 297\/2020 del gobierno nacional sobre aislamiento social preventivo y obligatorio por coronavirus.<\/span><!--more--><\/p>\n<p style=\"text-align: justify;\"><span style=\"font-weight: 400; font-family: verdana, geneva, sans-serif;\">Las principales medidas aclaratorias son:<\/span><\/p>\n<ul>\n<li style=\"font-weight: 400; text-align: justify;\"><span style=\"font-weight: 400; font-family: verdana, geneva, sans-serif;\">Cuando sus tareas u otras an\u00e1logas puedan ser realizadas desde el lugar de aislamiento deber\u00e1n, en el marco de la buena fe contractual, establecer con su empleador las condiciones en que dicha labor ser\u00e1 realizada, y percibir\u00e1n su remuneraci\u00f3n habitual.<\/span><\/li>\n<li style=\"font-weight: 400; text-align: justify;\"><span style=\"font-weight: 400; font-family: verdana, geneva, sans-serif;\">Cuando no sea posible que desarrollen tareas a distancia, las sumas que perciban tendr\u00e1n car\u00e1cter no remuneratorio, excepto para aportes y contribuciones al sistema de seguro de salud y al INSS para jubilados y pensionados.<\/span><\/li>\n<li style=\"font-weight: 400; text-align: justify;\"><span style=\"font-weight: 400; font-family: verdana, geneva, sans-serif;\">Ser\u00e1n considerados personal esencial, los que presten servicios continuos bajo figuras no dependientes.<\/span><\/li>\n<li style=\"font-weight: 400; text-align: justify;\"><span style=\"font-weight: 400; font-family: verdana, geneva, sans-serif;\">Se deber\u00e1 reorganizar la jornada laboral para el mejor cumplimiento de los objetivos sanitarios.<\/span><\/li>\n<li style=\"font-weight: 400; text-align: justify;\"><span style=\"font-weight: 400; font-family: verdana, geneva, sans-serif;\">Las contrataciones de personal que se realicen durante la vigencia del aislamiento ser\u00e1 considerada extraordinaria y transitoria. Tendr\u00e1 una reducci\u00f3n del 95% de la al\u00edcuota que se destina al SIPA.<\/span><\/li>\n<li style=\"font-weight: 400; text-align: justify;\"><span style=\"font-weight: 400; font-family: verdana, geneva, sans-serif;\">Para quienes contin\u00faen prestando tareas, se extender\u00e1 un certificado emitido por el empleador, para exhibir ante las autoridades de control.<\/span><\/li>\n<\/ul>\n","protected":false},"excerpt":{"rendered":"<p>Por Resoluci\u00f3n 219\/2020, el ministerio de Trabajo de la Naci\u00f3n reglament\u00f3 la aplicaci\u00f3n en el \u00e1mbito laboral del DNU 297\/2020 del gobierno nacional sobre aislamiento social preventivo y obligatorio por coronavirus.<\/p>\n","protected":false},"author":1,"featured_media":0,"comment_status":"closed","ping_status":"open","sticky":false,"template":"","format":"standard","meta":{"footnotes":""},"categories":[3],"tags":[],"class_list":["post-78008","post","type-post","status-publish","format-standard","hentry","category-ultimas-noticias"],"_links":{"self":[{"href":"https:\/\/ic.tecnopc.com.ar\/index.php\/wp-json\/wp\/v2\/posts\/78008","targetHints":{"allow":["GET"]}}],"collection":[{"href":"https:\/\/ic.tecnopc.com.ar\/index.php\/wp-json\/wp\/v2\/posts"}],"about":[{"href":"https:\/\/ic.tecnopc.com.ar\/index.php\/wp-json\/wp\/v2\/types\/post"}],"author":[{"embeddable":true,"href":"https:\/\/ic.tecnopc.com.ar\/index.php\/wp-json\/wp\/v2\/users\/1"}],"replies":[{"embeddable":true,"href":"https:\/\/ic.tecnopc.com.ar\/index.php\/wp-json\/wp\/v2\/comments?post=78008"}],"version-history":[{"count":0,"href":"https:\/\/ic.tecnopc.com.ar\/index.php\/wp-json\/wp\/v2\/posts\/78008\/revisions"}],"wp:attachment":[{"href":"https:\/\/ic.tecnopc.com.ar\/index.php\/wp-json\/wp\/v2\/media?parent=78008"}],"wp:term":[{"taxonomy":"category","embeddable":true,"href":"https:\/\/ic.tecnopc.com.ar\/index.php\/wp-json\/wp\/v2\/categories?post=78008"},{"taxonomy":"post_tag","embeddable":true,"href":"https:\/\/ic.tecnopc.com.ar\/index.php\/wp-json\/wp\/v2\/tags?post=78008"}],"curies":[{"name":"wp","href":"https:\/\/api.w.org\/{rel}","templated":true}]}}