{"id":78009,"date":"2020-03-24T14:02:43","date_gmt":"2020-03-24T17:02:43","guid":{"rendered":"https:\/\/iulianocooreman.com.ar\/es\/?p=75051"},"modified":"2020-03-24T14:02:43","modified_gmt":"2020-03-24T17:02:43","slug":"subsidio-de-emergencia-10-000-2","status":"publish","type":"post","link":"https:\/\/ic.tecnopc.com.ar\/index.php\/2020\/03\/24\/subsidio-de-emergencia-10-000-2\/","title":{"rendered":"SUBSIDIO DE EMERGENCIA: $10.000"},"content":{"rendered":"<p style=\"text-align: justify;\"><span style=\"font-weight: 400; font-family: verdana, geneva, sans-serif; color: #3366ff;\">Es una medida oficial que beneficiar\u00e1 a familias de Monotributistas sociales, categor\u00edas A y B, trabajadores en situaci\u00f3n de informalidad y personal dom\u00e9stico.<\/span><!--more--><\/p>\n<p style=\"text-align: justify;\"><span style=\"font-weight: 400; font-family: verdana, geneva, sans-serif;\">Quienes lo pueden cobrar y qu\u00e9 requisitos deben cumplir:<\/span><\/p>\n<ul style=\"text-align: justify;\">\n<li style=\"font-weight: 400;\"><span style=\"font-weight: 400; font-family: verdana, geneva, sans-serif;\">Personas de 18 a 65 a\u00f1os.<\/span><\/li>\n<li style=\"font-weight: 400;\"><span style=\"font-weight: 400; font-family: verdana, geneva, sans-serif;\">Nativos argentinos o naturalizados y residentes legales de m\u00e1s de 2 a\u00f1os.<\/span><\/li>\n<li style=\"font-weight: 400;\"><span style=\"font-weight: 400; font-family: verdana, geneva, sans-serif;\">No tener otro ingreso familiar registrado.<\/span><\/li>\n<li style=\"font-weight: 400;\"><span style=\"font-weight: 400; font-family: verdana, geneva, sans-serif;\">No poseer patrimonios importantes.<\/span><\/li>\n<li style=\"font-weight: 400;\"><span style=\"font-weight: 400; font-family: verdana, geneva, sans-serif;\">No percibir renta financiera.<\/span><\/li>\n<li style=\"font-weight: 400;\"><span style=\"font-weight: 400; font-family: verdana, geneva, sans-serif;\">Compatible con la AUH y la AUH por embarazo.<\/span><\/li>\n<\/ul>\n<p style=\"text-align: justify;\"><span style=\"font-weight: 400; font-family: verdana, geneva, sans-serif;\">EL tr\u00e1mite debe realizarse a trav\u00e9s de la p\u00e1gina web de ANSES.<\/span><\/p>\n<p style=\"text-align: justify;\"><span style=\"font-weight: 400; font-family: verdana, geneva, sans-serif;\">El registro a\u00fan no est\u00e1 en funcionamiento y anunciaron que lo habilitar\u00e1n en los pr\u00f3ximos d\u00edas.<\/span><\/p>\n","protected":false},"excerpt":{"rendered":"<p>Es una medida oficial que beneficiar\u00e1 a familias de Monotributistas sociales, categor\u00edas A y B, trabajadores en situaci\u00f3n de informalidad y personal dom\u00e9stico.<\/p>\n","protected":false},"author":1,"featured_media":0,"comment_status":"closed","ping_status":"open","sticky":false,"template":"","format":"standard","meta":{"footnotes":""},"categories":[3],"tags":[],"class_list":["post-78009","post","type-post","status-publish","format-standard","hentry","category-ultimas-noticias"],"_links":{"self":[{"href":"https:\/\/ic.tecnopc.com.ar\/index.php\/wp-json\/wp\/v2\/posts\/78009","targetHints":{"allow":["GET"]}}],"collection":[{"href":"https:\/\/ic.tecnopc.com.ar\/index.php\/wp-json\/wp\/v2\/posts"}],"about":[{"href":"https:\/\/ic.tecnopc.com.ar\/index.php\/wp-json\/wp\/v2\/types\/post"}],"author":[{"embeddable":true,"href":"https:\/\/ic.tecnopc.com.ar\/index.php\/wp-json\/wp\/v2\/users\/1"}],"replies":[{"embeddable":true,"href":"https:\/\/ic.tecnopc.com.ar\/index.php\/wp-json\/wp\/v2\/comments?post=78009"}],"version-history":[{"count":0,"href":"https:\/\/ic.tecnopc.com.ar\/index.php\/wp-json\/wp\/v2\/posts\/78009\/revisions"}],"wp:attachment":[{"href":"https:\/\/ic.tecnopc.com.ar\/index.php\/wp-json\/wp\/v2\/media?parent=78009"}],"wp:term":[{"taxonomy":"category","embeddable":true,"href":"https:\/\/ic.tecnopc.com.ar\/index.php\/wp-json\/wp\/v2\/categories?post=78009"},{"taxonomy":"post_tag","embeddable":true,"href":"https:\/\/ic.tecnopc.com.ar\/index.php\/wp-json\/wp\/v2\/tags?post=78009"}],"curies":[{"name":"wp","href":"https:\/\/api.w.org\/{rel}","templated":true}]}}