{"id":78016,"date":"2020-03-30T10:19:06","date_gmt":"2020-03-30T13:19:06","guid":{"rendered":"https:\/\/iulianocooreman.com.ar\/es\/?p=75068"},"modified":"2020-03-30T10:19:06","modified_gmt":"2020-03-30T13:19:06","slug":"alquileres-suspension-de-aumentos-y-desalojos-2","status":"publish","type":"post","link":"https:\/\/ic.tecnopc.com.ar\/index.php\/2020\/03\/30\/alquileres-suspension-de-aumentos-y-desalojos-2\/","title":{"rendered":"ALQUILERES: SUSPENSI\u00d3N DE AUMENTOS Y DESALOJOS"},"content":{"rendered":"<p style=\"text-align: justify;\"><span style=\"font-weight: 400; font-family: verdana, geneva, sans-serif; color: #3366ff;\">Por decreto de necesidad y urgencia, el Poder ejecutivo suspendi\u00f3 los aumentos y desalojos en los contratos de alquileres hasta el 30 de septiembre de 2020.<\/span><!--more--><\/p>\n<p style=\"text-align: justify;\"><span style=\"font-weight: 400; font-family: verdana, geneva, sans-serif;\">La medida aplica para todos los contratos de locaci\u00f3n de todo el pa\u00eds, pero s\u00f3lo para viviendas de personas f\u00edsicas, peque\u00f1os productores, monotributistas, profesionales aut\u00f3nomos, emprendimientos, sociales y culturales,\u00a0 y peque\u00f1as empresas.<\/span><\/p>\n<p style=\"text-align: justify;\"><span style=\"font-weight: 400; font-family: verdana, geneva, sans-serif;\">Las medidas que quedan dentro del vencimiento 30\/09\/2020, son:<\/span><\/p>\n<ol style=\"text-align: justify;\">\n<li style=\"font-weight: 400;\"><span style=\"font-weight: 400; font-family: verdana, geneva, sans-serif;\">Congelamiento de los alquileres o c\u00e1nones mensuales.<\/span><\/li>\n<li style=\"font-weight: 400;\"><span style=\"font-weight: 400; font-family: verdana, geneva, sans-serif;\">Se seguir\u00e1n liquidando con el monto de marzo\/2020.<\/span><\/li>\n<li style=\"font-weight: 400;\"><span style=\"font-weight: 400; font-family: verdana, geneva, sans-serif;\">Se suspenden los desalojos, los lanzamientos ya ordenados antes del decreto y se suspende la prescripci\u00f3n hasta esa fecha.<\/span><\/li>\n<li style=\"font-weight: 400;\"><span style=\"font-weight: 400; font-family: verdana, geneva, sans-serif;\">Se prorrogan los contratos que vencen a partir del 20\/03\/2020 al 30\/9\/2020.<\/span><\/li>\n<li style=\"font-weight: 400;\"><span style=\"font-family: verdana, geneva, sans-serif;\"><span style=\"font-weight: 400;\">IMPORTANTE: si el inquilino quiere un plazo menor al 30\/9\/2020, <\/span><span style=\"font-weight: 400;\">debe notificar en forma fehaciente<\/span><span style=\"font-weight: 400;\"> a la parte locadora, con aun antelaci\u00f3n de, por lo menos, QUINCE (15) d\u00edas de anticipaci\u00f3n a la fecha de vencimiento pactada.<\/span><\/span><\/li>\n<li style=\"font-weight: 400;\"><span style=\"font-weight: 400; font-family: verdana, geneva, sans-serif;\">Las fianzas se prorrogan hasta el 30\/09\/2020, o el nuevo plazo contractual, modificando lo normado por el art 1225 y 1596 de CCyCN.<\/span><\/li>\n<li style=\"font-weight: 400;\"><span style=\"font-family: verdana, geneva, sans-serif;\"><span style=\"font-weight: 400;\">Deudas por diferencia de canon<\/span><span style=\"font-weight: 400;\">: La diferencia que resultare entre el monto pactado contractualmente y el que corresponda pagar, deber\u00e1 ser\u00e1 abonada <\/span><span style=\"font-weight: 400;\">entre TRES (3) y SEIS (6)<\/span><span style=\"font-weight: 400;\">, mensuales, iguales y consecutivas, con vencimiento la primera de ellas, en <\/span><span style=\"font-weight: 400;\">octubre 2020<\/span><span style=\"font-weight: 400;\">.<\/span><\/span><\/li>\n<li style=\"font-weight: 400;\"><span style=\"font-weight: 400; font-family: verdana, geneva, sans-serif;\">No podr\u00e1n aplicarse intereses moratorios, compensatorios ni punitorios, ni ninguna otra penalidad prevista en el contrato.<\/span><\/li>\n<\/ol>\n<p style=\"text-align: justify;\"><span style=\"font-weight: 400; font-family: verdana, geneva, sans-serif;\">Otros aspectos importantes:<\/span><\/p>\n<p style=\"text-align: justify;\"><span style=\"font-weight: 400; font-family: verdana, geneva, sans-serif;\">SI EL INQUILINO NO PAGA: Sobre los montos que no pague (por ejemplo si no paga el alquiler de abril al precio de marzo) lo podr\u00e1 pagar en TRES (3) cuotas y como m\u00e1ximo SEIS (6), mensuales, iguales y consecutivas, con vencimiento, la primera de ellas, en octubre 2020, pero con intereses compensatorios, a la tasa de plazos fijos en pesos a TREINTA (30) d\u00edas, que paga el Banco de la Naci\u00f3n Argentina.<\/span><\/p>\n<p style=\"text-align: justify;\"><span style=\"font-weight: 400; font-family: verdana, geneva, sans-serif;\">BANCARIZACI\u00d3N: Los due\u00f1os (locadores) deben comunicar, dentro de los VEINTE (20) d\u00edas de entrada en vigencia del presente decreto, si quieren cobrar por transferencias bancarias o dep\u00f3sitos por cajero autom\u00e1tico.\u00a0<\/span><\/p>\n<p style=\"text-align: justify;\"><span style=\"font-weight: 400; font-family: verdana, geneva, sans-serif;\">EXCEPCI\u00d3N &#8211; VULNERABILIDAD DEL LOCADOR: Quedan excluidos del presente decreto los contratos de locaci\u00f3n cuando el due\u00f1o dependa del canon para cubrir sus necesidades b\u00e1sicas o las de su grupo familiar primario y conviviente, debi\u00e9ndose acreditar debidamente tales extremos.\u00a0<\/span><\/p>\n<p style=\"text-align: justify;\"><span style=\"font-weight: 400; font-family: verdana, geneva, sans-serif;\">MEDIACI\u00d3N OBLIGATORIA: Pasa a ser obligatoria por el plazo de UN (1) a\u00f1o, la mediaci\u00f3n obligatoria para los procesos de ejecuci\u00f3n y desalojos regulados en este decreto.<\/span><\/p>\n","protected":false},"excerpt":{"rendered":"<p>Por decreto de necesidad y urgencia, el Poder ejecutivo suspendi\u00f3 los aumentos y desalojos en los contratos de alquileres hasta el 30 de septiembre de 2020.<\/p>\n","protected":false},"author":1,"featured_media":0,"comment_status":"closed","ping_status":"open","sticky":false,"template":"","format":"standard","meta":{"footnotes":""},"categories":[3],"tags":[],"class_list":["post-78016","post","type-post","status-publish","format-standard","hentry","category-ultimas-noticias"],"_links":{"self":[{"href":"https:\/\/ic.tecnopc.com.ar\/index.php\/wp-json\/wp\/v2\/posts\/78016","targetHints":{"allow":["GET"]}}],"collection":[{"href":"https:\/\/ic.tecnopc.com.ar\/index.php\/wp-json\/wp\/v2\/posts"}],"about":[{"href":"https:\/\/ic.tecnopc.com.ar\/index.php\/wp-json\/wp\/v2\/types\/post"}],"author":[{"embeddable":true,"href":"https:\/\/ic.tecnopc.com.ar\/index.php\/wp-json\/wp\/v2\/users\/1"}],"replies":[{"embeddable":true,"href":"https:\/\/ic.tecnopc.com.ar\/index.php\/wp-json\/wp\/v2\/comments?post=78016"}],"version-history":[{"count":0,"href":"https:\/\/ic.tecnopc.com.ar\/index.php\/wp-json\/wp\/v2\/posts\/78016\/revisions"}],"wp:attachment":[{"href":"https:\/\/ic.tecnopc.com.ar\/index.php\/wp-json\/wp\/v2\/media?parent=78016"}],"wp:term":[{"taxonomy":"category","embeddable":true,"href":"https:\/\/ic.tecnopc.com.ar\/index.php\/wp-json\/wp\/v2\/categories?post=78016"},{"taxonomy":"post_tag","embeddable":true,"href":"https:\/\/ic.tecnopc.com.ar\/index.php\/wp-json\/wp\/v2\/tags?post=78016"}],"curies":[{"name":"wp","href":"https:\/\/api.w.org\/{rel}","templated":true}]}}