{"id":78017,"date":"2020-04-01T09:25:36","date_gmt":"2020-04-01T12:25:36","guid":{"rendered":"https:\/\/iulianocooreman.com.ar\/es\/?p=75070"},"modified":"2020-04-01T09:25:36","modified_gmt":"2020-04-01T12:25:36","slug":"cargas-sociales-anulan-el-alivio-para-empresas-2","status":"publish","type":"post","link":"https:\/\/ic.tecnopc.com.ar\/index.php\/2020\/04\/01\/cargas-sociales-anulan-el-alivio-para-empresas-2\/","title":{"rendered":"CARGAS SOCIALES: ANULAN EL ALIVIO PARA EMPRESAS"},"content":{"rendered":"<p style=\"text-align: justify;\"><span style=\"font-weight: 400; font-family: verdana, geneva, sans-serif; color: #3366ff;\">Se public\u00f3 en el Bolet\u00edn Oficial, la derogaci\u00f3n de la Resoluci\u00f3n 219\/2020, que exim\u00eda de la parte jubilatoria de las contribuciones patronales sobre los sueldos de marzo para quienes no hab\u00edan prestado tareas durante el aislamiento.<\/span><!--more--><\/p>\n<p style=\"text-align: justify;\"><span style=\"font-weight: 400; font-family: verdana, geneva, sans-serif;\">Por lo tanto la liquidaci\u00f3n de sueldos de marzo no tendr\u00e1 diferencias ni de retenciones ni de contribuciones para quienes hayan desarrollado tareas home office y para quienes no.<\/span><\/p>\n<p style=\"text-align: justify;\"><span style=\"font-weight: 400; font-family: verdana, geneva, sans-serif;\">No da atribuciones a la AFIP para reglamentar, por lo que interpretamos que ser\u00e1 definitiva a los efectos de la liquidaci\u00f3n del mes de marzo.\u00a0\u00a0<\/span><\/p>\n","protected":false},"excerpt":{"rendered":"<p>Se public\u00f3 en el Bolet\u00edn Oficial, la derogaci\u00f3n de la Resoluci\u00f3n 219\/2020, que exim\u00eda de la parte jubilatoria de las contribuciones patronales sobre los sueldos de marzo para quienes no hab\u00edan prestado tareas durante el aislamiento.<br \/>\nPor lo tanto la liquidaci\u00f3n de sueldos de marzo no tendr\u00e1 diferencias ni de retenciones ni de contribuciones para quienes hayan desarrollado tareas home office y para quienes no.<br \/>\nNo da atribuciones a la AFIP para reglamentar, por lo que interpretamos que ser\u00e1 definitiva a los efectos de la liquidaci\u00f3n del mes de marzo.  <\/p>\n","protected":false},"author":1,"featured_media":0,"comment_status":"closed","ping_status":"open","sticky":false,"template":"","format":"standard","meta":{"footnotes":""},"categories":[3],"tags":[],"class_list":["post-78017","post","type-post","status-publish","format-standard","hentry","category-ultimas-noticias"],"_links":{"self":[{"href":"https:\/\/ic.tecnopc.com.ar\/index.php\/wp-json\/wp\/v2\/posts\/78017","targetHints":{"allow":["GET"]}}],"collection":[{"href":"https:\/\/ic.tecnopc.com.ar\/index.php\/wp-json\/wp\/v2\/posts"}],"about":[{"href":"https:\/\/ic.tecnopc.com.ar\/index.php\/wp-json\/wp\/v2\/types\/post"}],"author":[{"embeddable":true,"href":"https:\/\/ic.tecnopc.com.ar\/index.php\/wp-json\/wp\/v2\/users\/1"}],"replies":[{"embeddable":true,"href":"https:\/\/ic.tecnopc.com.ar\/index.php\/wp-json\/wp\/v2\/comments?post=78017"}],"version-history":[{"count":0,"href":"https:\/\/ic.tecnopc.com.ar\/index.php\/wp-json\/wp\/v2\/posts\/78017\/revisions"}],"wp:attachment":[{"href":"https:\/\/ic.tecnopc.com.ar\/index.php\/wp-json\/wp\/v2\/media?parent=78017"}],"wp:term":[{"taxonomy":"category","embeddable":true,"href":"https:\/\/ic.tecnopc.com.ar\/index.php\/wp-json\/wp\/v2\/categories?post=78017"},{"taxonomy":"post_tag","embeddable":true,"href":"https:\/\/ic.tecnopc.com.ar\/index.php\/wp-json\/wp\/v2\/tags?post=78017"}],"curies":[{"name":"wp","href":"https:\/\/api.w.org\/{rel}","templated":true}]}}