{"id":78046,"date":"2020-05-27T10:57:49","date_gmt":"2020-05-27T13:57:49","guid":{"rendered":"https:\/\/iulianocooreman.com.ar\/es\/?p=75203"},"modified":"2020-05-27T10:57:49","modified_gmt":"2020-05-27T13:57:49","slug":"atp-mayo-modificaciones-2","status":"publish","type":"post","link":"https:\/\/ic.tecnopc.com.ar\/index.php\/2020\/05\/27\/atp-mayo-modificaciones-2\/","title":{"rendered":"ATP MAYO: MODIFICACIONES"},"content":{"rendered":"<p style=\"text-align: justify;\"><span style=\"font-weight: 400; font-family: verdana, geneva, sans-serif; color: #3366ff;\">El Gobierno decidi\u00f3 este lunes establecer un techo de $ 250.000 en los salarios de los beneficiarios para la ayuda estatal y posterg\u00f3 tambi\u00e9n el pago de aportes patronales.<\/span><!--more--><\/p>\n<p style=\"text-align: justify;\"><span style=\"font-weight: 400; font-family: verdana, geneva, sans-serif;\">Se conoci\u00f3 la Decisi\u00f3n Administrativa 887\/2020 donde el Jefe de Gabinete y el Ministro de Desarrollo Productivo, aceptaron las recomendaciones el Comit\u00e9 de Evaluaci\u00f3n y Monitoreo del Programa de Asistencia de Emergencia al Trabajo y la Producci\u00f3n (ATP).<\/span><\/p>\n<p style=\"text-align: justify;\"><span style=\"font-weight: 400; font-family: verdana, geneva, sans-serif;\">Quedaron excluidos como beneficiaros del Salario Complementario los trabajadores y trabajadoras cuya remuneraci\u00f3n bruta devengada en el mes de marzo de 2020 -conforme las declaraciones juradas presentadas por el empleador- supere la suma de 250.000 pesos.<\/span><\/p>\n<p style=\"text-align: justify;\"><span style=\"font-weight: 400; font-family: verdana, geneva, sans-serif;\">Por otro lado, se resolvi\u00f3 que el Estado tambi\u00e9n abone hasta el 50% de los trabajadores que est\u00e1n en situaci\u00f3n de pluriempleo. En ese \u00faltimo caso, el salario complementario a asignar como beneficio debe resultar equivalente al 50% de la sumatoria de los salarios netos correspondientes al mes de febrero de 2020. Siempre con el tope de un m\u00ednimo de $16.875 y un m\u00e1ximo de $33.750.<\/span><\/p>\n<p style=\"text-align: justify;\"><span style=\"font-weight: 400; font-family: verdana, geneva, sans-serif;\">Se extendi\u00f3 al universo de empresas incorporadas al programa ATP, los beneficios relativos a la postergaci\u00f3n del pago de las contribuciones patronales al Sistema Integrado Previsional Argentino respecto de los salarios y contribuciones que se devenguen durante mayo.<\/span><\/p>\n","protected":false},"excerpt":{"rendered":"<p>El Gobierno decidi\u00f3 este lunes establecer un techo de $ 250.000 en los salarios de los beneficiarios para la ayuda estatal y posterg\u00f3 tambi\u00e9n el pago de aportes patronales.<\/p>\n","protected":false},"author":1,"featured_media":0,"comment_status":"closed","ping_status":"open","sticky":false,"template":"","format":"standard","meta":{"footnotes":""},"categories":[3],"tags":[],"class_list":["post-78046","post","type-post","status-publish","format-standard","hentry","category-ultimas-noticias"],"_links":{"self":[{"href":"https:\/\/ic.tecnopc.com.ar\/index.php\/wp-json\/wp\/v2\/posts\/78046","targetHints":{"allow":["GET"]}}],"collection":[{"href":"https:\/\/ic.tecnopc.com.ar\/index.php\/wp-json\/wp\/v2\/posts"}],"about":[{"href":"https:\/\/ic.tecnopc.com.ar\/index.php\/wp-json\/wp\/v2\/types\/post"}],"author":[{"embeddable":true,"href":"https:\/\/ic.tecnopc.com.ar\/index.php\/wp-json\/wp\/v2\/users\/1"}],"replies":[{"embeddable":true,"href":"https:\/\/ic.tecnopc.com.ar\/index.php\/wp-json\/wp\/v2\/comments?post=78046"}],"version-history":[{"count":0,"href":"https:\/\/ic.tecnopc.com.ar\/index.php\/wp-json\/wp\/v2\/posts\/78046\/revisions"}],"wp:attachment":[{"href":"https:\/\/ic.tecnopc.com.ar\/index.php\/wp-json\/wp\/v2\/media?parent=78046"}],"wp:term":[{"taxonomy":"category","embeddable":true,"href":"https:\/\/ic.tecnopc.com.ar\/index.php\/wp-json\/wp\/v2\/categories?post=78046"},{"taxonomy":"post_tag","embeddable":true,"href":"https:\/\/ic.tecnopc.com.ar\/index.php\/wp-json\/wp\/v2\/tags?post=78046"}],"curies":[{"name":"wp","href":"https:\/\/api.w.org\/{rel}","templated":true}]}}