{"id":78051,"date":"2020-06-03T15:06:59","date_gmt":"2020-06-03T18:06:59","guid":{"rendered":"https:\/\/iulianocooreman.com.ar\/es\/?p=75213"},"modified":"2020-06-03T15:06:59","modified_gmt":"2020-06-03T18:06:59","slug":"atp-de-mayo-todavia-nada-2","status":"publish","type":"post","link":"https:\/\/ic.tecnopc.com.ar\/index.php\/2020\/06\/03\/atp-de-mayo-todavia-nada-2\/","title":{"rendered":"ATP DE MAYO: TODAV\u00cdA NADA"},"content":{"rendered":"<p style=\"text-align: justify;\"><span style=\"font-weight: 400; font-family: verdana, geneva, sans-serif; color: #3366ff;\">Los empleadores que se inscribieron en el beneficio, para recibir el salario complementario del Programa de Asistencia al Trabajo y la Producci\u00f3n (ATP) de mayo, a\u00fan no recibieron confirmaci\u00f3n de su aceptaci\u00f3n ni confirmaci\u00f3n de los montos por cada empleado.<\/span><!--more--><\/p>\n<p style=\"text-align: justify;\"><span style=\"font-weight: 400; font-family: verdana, geneva, sans-serif;\">Hasta ahora son muy pocas las empresas a las que les lleg\u00f3 la validaci\u00f3n pero sin montos, pero la gran mayor\u00eda de los empleadores a\u00fan no sabe siquiera si recibir\u00e1 el beneficio.<\/span><\/p>\n<p style=\"text-align: justify;\"><span style=\"font-weight: 400; font-family: verdana, geneva, sans-serif;\">Esto genera atrasos en la liquidaci\u00f3n de los sueldos e incertidumbre respecto de si se contar\u00e1 o no con el beneficio.<\/span><\/p>\n<p style=\"text-align: justify;\"><span style=\"font-weight: 400; font-family: verdana, geneva, sans-serif;\">Las versiones oficiales dicen que se programa comenzar a pagar el salario complementario \u201cen los primeros d\u00edas de la pr\u00f3xima semana\u201d, con lo cual se estar\u00eda incumpliendo con el l\u00edmite que fija la ley para pagar los sueldos y tambi\u00e9n genera la incertidumbre adicional sobre posibles reclamos para las empresas.<\/span><\/p>\n<p style=\"text-align: justify;\"><span style=\"font-weight: 400; font-family: verdana, geneva, sans-serif;\">Dadas las implicancias de las condiciones para ingresar al programa en mayo, hay un n\u00famero importante de empresas que decidi\u00f3 renunciar al beneficio.<\/span><\/p>\n","protected":false},"excerpt":{"rendered":"<p>Los empleadores que se inscribieron en el beneficio, para recibir el salario complementario del Programa de Asistencia al Trabajo y la Producci\u00f3n (ATP) de mayo, a\u00fan no recibieron confirmaci\u00f3n de su aceptaci\u00f3n ni confirmaci\u00f3n de los montos por cada empleado.<\/p>\n","protected":false},"author":1,"featured_media":0,"comment_status":"closed","ping_status":"open","sticky":false,"template":"","format":"standard","meta":{"footnotes":""},"categories":[3],"tags":[],"class_list":["post-78051","post","type-post","status-publish","format-standard","hentry","category-ultimas-noticias"],"_links":{"self":[{"href":"https:\/\/ic.tecnopc.com.ar\/index.php\/wp-json\/wp\/v2\/posts\/78051","targetHints":{"allow":["GET"]}}],"collection":[{"href":"https:\/\/ic.tecnopc.com.ar\/index.php\/wp-json\/wp\/v2\/posts"}],"about":[{"href":"https:\/\/ic.tecnopc.com.ar\/index.php\/wp-json\/wp\/v2\/types\/post"}],"author":[{"embeddable":true,"href":"https:\/\/ic.tecnopc.com.ar\/index.php\/wp-json\/wp\/v2\/users\/1"}],"replies":[{"embeddable":true,"href":"https:\/\/ic.tecnopc.com.ar\/index.php\/wp-json\/wp\/v2\/comments?post=78051"}],"version-history":[{"count":0,"href":"https:\/\/ic.tecnopc.com.ar\/index.php\/wp-json\/wp\/v2\/posts\/78051\/revisions"}],"wp:attachment":[{"href":"https:\/\/ic.tecnopc.com.ar\/index.php\/wp-json\/wp\/v2\/media?parent=78051"}],"wp:term":[{"taxonomy":"category","embeddable":true,"href":"https:\/\/ic.tecnopc.com.ar\/index.php\/wp-json\/wp\/v2\/categories?post=78051"},{"taxonomy":"post_tag","embeddable":true,"href":"https:\/\/ic.tecnopc.com.ar\/index.php\/wp-json\/wp\/v2\/tags?post=78051"}],"curies":[{"name":"wp","href":"https:\/\/api.w.org\/{rel}","templated":true}]}}