{"id":78053,"date":"2020-06-05T10:30:54","date_gmt":"2020-06-05T13:30:54","guid":{"rendered":"https:\/\/iulianocooreman.com.ar\/es\/?p=75218"},"modified":"2020-06-05T10:30:54","modified_gmt":"2020-06-05T13:30:54","slug":"afip-suspenden-embargos-hasta-el-30-de-junio-2","status":"publish","type":"post","link":"https:\/\/ic.tecnopc.com.ar\/index.php\/2020\/06\/05\/afip-suspenden-embargos-hasta-el-30-de-junio-2\/","title":{"rendered":"AFIP: SUSPENDEN EMBARGOS HASTA EL 30 DE JUNIO"},"content":{"rendered":"<p style=\"text-align: justify;\"><span style=\"font-weight: 400; font-family: verdana, geneva, sans-serif; color: #3366ff;\">La Administraci\u00f3n Federal de Ingresos P\u00fablicos (AFIP) suspendi\u00f3 hasta el 30 de junio pr\u00f3ximo las ejecuciones fiscales, en el marco de la emergencia declarada por la pandemia de coronavirus\u200b.<\/span><!--more--><\/p>\n<p style=\"text-align: justify;\"><span style=\"font-weight: 400; font-family: verdana, geneva, sans-serif;\">AFIP aclar\u00f3 que esta suspensi\u00f3n no impide continuar en el ejercicio de los actos procedimentales y procesales destinados a impedir la prescripci\u00f3n de las acciones y poderes del fisco para determinar y exigir el pago de los tributos, multas y accesorios cuya aplicaci\u00f3n, percepci\u00f3n y fiscalizaci\u00f3n se encuentren a cargo de AFIP.<\/span><\/p>\n<p style=\"text-align: justify;\"><span style=\"font-weight: 400; font-family: verdana, geneva, sans-serif;\">Destac\u00f3 que el aislamiento determinado a partir de la pandemia de coronavirus \u201cha repercutido no s\u00f3lo en la vida social de los habitantes de este pa\u00eds, sino tambi\u00e9n en la econom\u00eda\u201d.<\/span><\/p>\n<p style=\"text-align: justify;\"><span style=\"font-weight: 400; font-family: verdana, geneva, sans-serif;\">La normativa indic\u00f3 que \u201cse habilit\u00f3 el levantamiento de la feria judicial extraordinaria, respecto de ciertos tribunales federales con sede en provincias y ciudades que avanzan en las sucesivas fases del aislamiento\u201d, y consider\u00f3 que \u201cdeviene necesario tomar medidas con relaci\u00f3n a la gesti\u00f3n judicial del cobro de las obligaciones tributarias\u201d.<\/span><\/p>\n","protected":false},"excerpt":{"rendered":"<p>La Administraci\u00f3n Federal de Ingresos P\u00fablicos (AFIP) suspendi\u00f3 hasta el 30 de junio pr\u00f3ximo las ejecuciones fiscales, en el marco de la emergencia declarada por la pandemia de coronavirus\u200b.<\/p>\n","protected":false},"author":1,"featured_media":0,"comment_status":"closed","ping_status":"open","sticky":false,"template":"","format":"standard","meta":{"footnotes":""},"categories":[3],"tags":[],"class_list":["post-78053","post","type-post","status-publish","format-standard","hentry","category-ultimas-noticias"],"_links":{"self":[{"href":"https:\/\/ic.tecnopc.com.ar\/index.php\/wp-json\/wp\/v2\/posts\/78053","targetHints":{"allow":["GET"]}}],"collection":[{"href":"https:\/\/ic.tecnopc.com.ar\/index.php\/wp-json\/wp\/v2\/posts"}],"about":[{"href":"https:\/\/ic.tecnopc.com.ar\/index.php\/wp-json\/wp\/v2\/types\/post"}],"author":[{"embeddable":true,"href":"https:\/\/ic.tecnopc.com.ar\/index.php\/wp-json\/wp\/v2\/users\/1"}],"replies":[{"embeddable":true,"href":"https:\/\/ic.tecnopc.com.ar\/index.php\/wp-json\/wp\/v2\/comments?post=78053"}],"version-history":[{"count":0,"href":"https:\/\/ic.tecnopc.com.ar\/index.php\/wp-json\/wp\/v2\/posts\/78053\/revisions"}],"wp:attachment":[{"href":"https:\/\/ic.tecnopc.com.ar\/index.php\/wp-json\/wp\/v2\/media?parent=78053"}],"wp:term":[{"taxonomy":"category","embeddable":true,"href":"https:\/\/ic.tecnopc.com.ar\/index.php\/wp-json\/wp\/v2\/categories?post=78053"},{"taxonomy":"post_tag","embeddable":true,"href":"https:\/\/ic.tecnopc.com.ar\/index.php\/wp-json\/wp\/v2\/tags?post=78053"}],"curies":[{"name":"wp","href":"https:\/\/api.w.org\/{rel}","templated":true}]}}