{"id":78054,"date":"2020-06-05T14:46:59","date_gmt":"2020-06-05T17:46:59","guid":{"rendered":"https:\/\/iulianocooreman.com.ar\/es\/?p=75220"},"modified":"2020-06-05T14:46:59","modified_gmt":"2020-06-05T17:46:59","slug":"afip-plan-para-contribuciones-patronales-de-los-que-entraron-al-atp-2","status":"publish","type":"post","link":"https:\/\/ic.tecnopc.com.ar\/index.php\/2020\/06\/05\/afip-plan-para-contribuciones-patronales-de-los-que-entraron-al-atp-2\/","title":{"rendered":"AFIP: PLAN PARA CONTRIBUCIONES PATRONALES DE LOS QUE ENTRARON AL ATP"},"content":{"rendered":"<p style=\"text-align: justify;\"><span style=\"font-weight: 400; font-family: verdana, geneva, sans-serif; color: #3366ff;\">La Administraci\u00f3n Federal de Ingresos P\u00fablicos (AFIP) habilit\u00f3 un plan especial de facilidades de pago, para los empleadores que accedieron a la postergaci\u00f3n por dos meses de las contribuciones patronales prevista en el Programa de Asistencia de Emergencia al Trabajo y la Producci\u00f3n (ATP).<\/span><!--more--><\/p>\n<p style=\"text-align: justify;\"><span style=\"font-weight: 400; font-family: verdana, geneva, sans-serif;\">El plan permite financiar en hasta 8 cuotas y sin pago a cuenta los vencimientos del componente SIPA de las contribuciones patronales correspondientes a los meses de marzo, abril y mayo que fueron prorrogados en el marco del Programa ATP.<\/span><\/p>\n<p style=\"text-align: justify;\"><span style=\"font-weight: 400; font-family: verdana, geneva, sans-serif;\">La adhesi\u00f3n a un plan especial ofrece as\u00ed hasta dos meses adicionales antes de comenzar a abonar las contribuciones patronales postergadas en cada per\u00edodo fiscales. De esta forma, aquellas obligaciones devengadas en marzo (vencidas en abril) y postergadas hasta junio, que sean regularizadas a trav\u00e9s de este mecanismo, comenzar\u00e1n a cancelarse en agosto.<\/span><\/p>\n<p style=\"text-align: justify;\"><span style=\"font-weight: 400; font-family: verdana, geneva, sans-serif;\">La adhesi\u00f3n para los vencimientos correspondientes al per\u00edodo fiscal marzo estar\u00e1 disponible entre el 9 de junio y el 31 de julio, ambas fechas inclusive.<\/span><\/p>\n<p style=\"text-align: justify;\"><span style=\"font-weight: 400; font-family: verdana, geneva, sans-serif;\">La normativa publicada hoy en el Bolet\u00edn Oficial instrumenta adem\u00e1s la postergaci\u00f3n por dos meses del pago de las contribuciones patronales correspondientes a mayo para los empleadores que accedieron al Programa ATP. La medida tambi\u00e9n contempla el beneficio alternativo de la reducci\u00f3n del 95% de las contribuciones patronales reservada a algunas actividades como el sector salud.<\/span><\/p>\n<p style=\"text-align: justify;\"><span style=\"font-weight: 400; font-family: verdana, geneva, sans-serif;\">No se sabe a\u00fan si habr\u00e1 ATP para el medio aguinaldo de junio.<\/span><\/p>\n<p style=\"text-align: justify;\"><span style=\"font-weight: 400; font-family: verdana, geneva, sans-serif;\">Las empresas ya pueden consultar los montos que ser\u00e1n depositados en las cuentas bancarias de cada uno de los trabajadores alcanzados, y la sorpresa es que algunos de abril que no hab\u00edan sido liquidados por ANSES fueron liquidados junto con mayo.<\/span><\/p>\n","protected":false},"excerpt":{"rendered":"<p>La Administraci\u00f3n Federal de Ingresos P\u00fablicos (AFIP) habilit\u00f3 un plan especial de facilidades de pago, para los empleadores que accedieron a la postergaci\u00f3n por dos meses de las contribuciones patronales prevista en el Programa de Asistencia de Emergencia al Trabajo y la Producci\u00f3n (ATP).<\/p>\n","protected":false},"author":1,"featured_media":0,"comment_status":"closed","ping_status":"open","sticky":false,"template":"","format":"standard","meta":{"footnotes":""},"categories":[3],"tags":[],"class_list":["post-78054","post","type-post","status-publish","format-standard","hentry","category-ultimas-noticias"],"_links":{"self":[{"href":"https:\/\/ic.tecnopc.com.ar\/index.php\/wp-json\/wp\/v2\/posts\/78054","targetHints":{"allow":["GET"]}}],"collection":[{"href":"https:\/\/ic.tecnopc.com.ar\/index.php\/wp-json\/wp\/v2\/posts"}],"about":[{"href":"https:\/\/ic.tecnopc.com.ar\/index.php\/wp-json\/wp\/v2\/types\/post"}],"author":[{"embeddable":true,"href":"https:\/\/ic.tecnopc.com.ar\/index.php\/wp-json\/wp\/v2\/users\/1"}],"replies":[{"embeddable":true,"href":"https:\/\/ic.tecnopc.com.ar\/index.php\/wp-json\/wp\/v2\/comments?post=78054"}],"version-history":[{"count":0,"href":"https:\/\/ic.tecnopc.com.ar\/index.php\/wp-json\/wp\/v2\/posts\/78054\/revisions"}],"wp:attachment":[{"href":"https:\/\/ic.tecnopc.com.ar\/index.php\/wp-json\/wp\/v2\/media?parent=78054"}],"wp:term":[{"taxonomy":"category","embeddable":true,"href":"https:\/\/ic.tecnopc.com.ar\/index.php\/wp-json\/wp\/v2\/categories?post=78054"},{"taxonomy":"post_tag","embeddable":true,"href":"https:\/\/ic.tecnopc.com.ar\/index.php\/wp-json\/wp\/v2\/tags?post=78054"}],"curies":[{"name":"wp","href":"https:\/\/api.w.org\/{rel}","templated":true}]}}