{"id":78055,"date":"2020-06-09T13:54:24","date_gmt":"2020-06-09T16:54:24","guid":{"rendered":"https:\/\/iulianocooreman.com.ar\/es\/?p=75224"},"modified":"2020-06-09T13:54:24","modified_gmt":"2020-06-09T16:54:24","slug":"prorrogan-la-doble-indemnizacion-2","status":"publish","type":"post","link":"https:\/\/ic.tecnopc.com.ar\/index.php\/2020\/06\/09\/prorrogan-la-doble-indemnizacion-2\/","title":{"rendered":"PRORROGAN LA DOBLE INDEMNIZACI\u00d3N"},"content":{"rendered":"<p style=\"text-align: justify;\"><span style=\"font-weight: 400; font-family: verdana, geneva, sans-serif; color: #3366ff;\">La doble indemnizaci\u00f3n ser\u00eda prorrogada por 180 d\u00edas, a trav\u00e9s de un Decreto de Necesidad y Urgencia, llevando la medida de protecci\u00f3n hasta diciembre.<\/span><!--more--><\/p>\n<p style=\"text-align: justify;\"><span style=\"font-weight: 400; font-family: verdana, geneva, sans-serif;\">El Gobierno extender\u00e1 por 180 d\u00edas la vigencia de la doble indemnizaci\u00f3n para los despidos sin causa atribuible al trabajador, prorrogando el DNU 24\/2019, del 13 de diciembre del a\u00f1o pasado, y que venc\u00eda este mi\u00e9rcoles 10 de junio.<\/span><\/p>\n<p style=\"text-align: justify;\"><span style=\"font-weight: 400; font-family: verdana, geneva, sans-serif;\">La pr\u00f3rroga de la doble indemnizaci\u00f3n se complementa con la Resoluci\u00f3n 475 del Ministro de Trabajo, Empleo y Seguridad Social, que prorrog\u00f3 por 60 d\u00edas las suspensiones con reducci\u00f3n salarial por el art\u00edculo 223 bis de la (LCT) y con la extensi\u00f3n por otros 60 d\u00edas, hasta fin de julio, seg\u00fan DNU 487\/20, de la prohibici\u00f3n de los despidos sin causa.<\/span><\/p>\n","protected":false},"excerpt":{"rendered":"<p>La doble indemnizaci\u00f3n ser\u00eda prorrogada por 180 d\u00edas, a trav\u00e9s de un Decreto de Necesidad y Urgencia, llevando la medida de protecci\u00f3n hasta diciembre.<\/p>\n","protected":false},"author":1,"featured_media":0,"comment_status":"closed","ping_status":"open","sticky":false,"template":"","format":"standard","meta":{"footnotes":""},"categories":[3],"tags":[],"class_list":["post-78055","post","type-post","status-publish","format-standard","hentry","category-ultimas-noticias"],"_links":{"self":[{"href":"https:\/\/ic.tecnopc.com.ar\/index.php\/wp-json\/wp\/v2\/posts\/78055","targetHints":{"allow":["GET"]}}],"collection":[{"href":"https:\/\/ic.tecnopc.com.ar\/index.php\/wp-json\/wp\/v2\/posts"}],"about":[{"href":"https:\/\/ic.tecnopc.com.ar\/index.php\/wp-json\/wp\/v2\/types\/post"}],"author":[{"embeddable":true,"href":"https:\/\/ic.tecnopc.com.ar\/index.php\/wp-json\/wp\/v2\/users\/1"}],"replies":[{"embeddable":true,"href":"https:\/\/ic.tecnopc.com.ar\/index.php\/wp-json\/wp\/v2\/comments?post=78055"}],"version-history":[{"count":0,"href":"https:\/\/ic.tecnopc.com.ar\/index.php\/wp-json\/wp\/v2\/posts\/78055\/revisions"}],"wp:attachment":[{"href":"https:\/\/ic.tecnopc.com.ar\/index.php\/wp-json\/wp\/v2\/media?parent=78055"}],"wp:term":[{"taxonomy":"category","embeddable":true,"href":"https:\/\/ic.tecnopc.com.ar\/index.php\/wp-json\/wp\/v2\/categories?post=78055"},{"taxonomy":"post_tag","embeddable":true,"href":"https:\/\/ic.tecnopc.com.ar\/index.php\/wp-json\/wp\/v2\/tags?post=78055"}],"curies":[{"name":"wp","href":"https:\/\/api.w.org\/{rel}","templated":true}]}}