{"id":78057,"date":"2020-06-10T14:22:32","date_gmt":"2020-06-10T17:22:32","guid":{"rendered":"https:\/\/iulianocooreman.com.ar\/es\/?p=75228"},"modified":"2020-06-10T14:22:32","modified_gmt":"2020-06-10T17:22:32","slug":"suspensiones-art-223-bis-eliminan-tope-anual-2","status":"publish","type":"post","link":"https:\/\/ic.tecnopc.com.ar\/index.php\/2020\/06\/10\/suspensiones-art-223-bis-eliminan-tope-anual-2\/","title":{"rendered":"SUSPENSIONES ART. 223 BIS: ELIMINAN TOPE ANUAL"},"content":{"rendered":"<p style=\"text-align: justify;\"><span style=\"font-weight: 400; font-family: verdana, geneva, sans-serif; color: #3366ff;\">Se elimin\u00f3 la contradicci\u00f3n entre las actuales normas de emergencia sanitaria y la Ley de Contrato de Trabajo que fija como l\u00edmite m\u00e1ximo, de suspensi\u00f3n por fuerza mayor no imputable, 75 d\u00edas por a\u00f1o.<\/span><!--more--><\/p>\n<p style=\"text-align: justify;\"><span style=\"font-weight: 400; font-family: verdana, geneva, sans-serif;\">El Decreto 529\/2020, establece que los l\u00edmites temporales previstos por los art\u00edculos 220, 221 y 222 de la Ley de Contrato de Trabajo y sus modificatorias, no regir\u00e1n para las suspensiones por falta de trabajo y fuerza mayor dispuestas en los t\u00e9rminos del art\u00edculo 223 bis de la ley, como consecuencia de la emergencia sanitaria, las que podr\u00e1n extenderse hasta el cese del \u201caislamiento social, preventivo y obligatorio\u201d establecido por el Decreto N\u00b0 297\/20 y sus pr\u00f3rrogas.<\/span><\/p>\n","protected":false},"excerpt":{"rendered":"<p>Se elimin\u00f3 la contradicci\u00f3n entre las actuales normas de emergencia sanitaria y la Ley de Contrato de Trabajo que fija como l\u00edmite m\u00e1ximo, de suspensi\u00f3n por fuerza mayor no imputable, 75 d\u00edas por a\u00f1o.<\/p>\n","protected":false},"author":1,"featured_media":0,"comment_status":"closed","ping_status":"open","sticky":false,"template":"","format":"standard","meta":{"footnotes":""},"categories":[3],"tags":[],"class_list":["post-78057","post","type-post","status-publish","format-standard","hentry","category-ultimas-noticias"],"_links":{"self":[{"href":"https:\/\/ic.tecnopc.com.ar\/index.php\/wp-json\/wp\/v2\/posts\/78057","targetHints":{"allow":["GET"]}}],"collection":[{"href":"https:\/\/ic.tecnopc.com.ar\/index.php\/wp-json\/wp\/v2\/posts"}],"about":[{"href":"https:\/\/ic.tecnopc.com.ar\/index.php\/wp-json\/wp\/v2\/types\/post"}],"author":[{"embeddable":true,"href":"https:\/\/ic.tecnopc.com.ar\/index.php\/wp-json\/wp\/v2\/users\/1"}],"replies":[{"embeddable":true,"href":"https:\/\/ic.tecnopc.com.ar\/index.php\/wp-json\/wp\/v2\/comments?post=78057"}],"version-history":[{"count":0,"href":"https:\/\/ic.tecnopc.com.ar\/index.php\/wp-json\/wp\/v2\/posts\/78057\/revisions"}],"wp:attachment":[{"href":"https:\/\/ic.tecnopc.com.ar\/index.php\/wp-json\/wp\/v2\/media?parent=78057"}],"wp:term":[{"taxonomy":"category","embeddable":true,"href":"https:\/\/ic.tecnopc.com.ar\/index.php\/wp-json\/wp\/v2\/categories?post=78057"},{"taxonomy":"post_tag","embeddable":true,"href":"https:\/\/ic.tecnopc.com.ar\/index.php\/wp-json\/wp\/v2\/tags?post=78057"}],"curies":[{"name":"wp","href":"https:\/\/api.w.org\/{rel}","templated":true}]}}