{"id":78064,"date":"2020-06-30T10:45:05","date_gmt":"2020-06-30T13:45:05","guid":{"rendered":"https:\/\/iulianocooreman.com.ar\/es\/?p=75257"},"modified":"2020-06-30T10:45:05","modified_gmt":"2020-06-30T13:45:05","slug":"nueva-cuarentena-lo-mas-importante-2","status":"publish","type":"post","link":"https:\/\/ic.tecnopc.com.ar\/index.php\/2020\/06\/30\/nueva-cuarentena-lo-mas-importante-2\/","title":{"rendered":"NUEVA CUARENTENA: LO M\u00c1S IMPORTANTE"},"content":{"rendered":"<p style=\"text-align: justify;\"><span style=\"font-weight: 400; font-family: verdana, geneva, sans-serif; color: #3366ff;\">Regir\u00e1 entre el 1 al 17 de julio en el \u00c1rea Metropolitana de Buenos Aires (AMBA) y otros puntos del pa\u00eds, con el objetivo achatar la curva de contagios de coronavirus.<\/span><!--more--><\/p>\n<p style=\"text-align: justify;\"><span style=\"font-weight: 400; font-family: verdana, geneva, sans-serif;\">Quedaron comprendidos la Ciudad de Buenos Aires y 35 municipios que integran el \u00c1rea Metropolitana, los que volver\u00e1n a una situaci\u00f3n de confinamiento similar a la de la \u00faltima semana de marzo cuando se decret\u00f3 el inicio de la cuarentena. En el resto del pa\u00eds, alcanza a Chaco, el departamento de General Roca de la provincia de R\u00edo Negro, y el aglomerado urbano de la ciudad de Neuqu\u00e9n.<\/span><\/p>\n<p style=\"text-align: justify;\"><span style=\"text-decoration: underline;\"><span style=\"font-family: verdana, geneva, sans-serif;\"><span style=\"font-weight: 400;\">S\u00f3lo quedar\u00e1n exceptuadas las actividades esenciales que se detallan en el decreto<\/span><span style=\"font-weight: 400;\">:<\/span><\/span><\/span><\/p>\n<ol style=\"text-align: justify;\">\n<li><span style=\"font-weight: 400; font-family: verdana, geneva, sans-serif;\"> Personal de Salud, Fuerzas de seguridad, y servicios estatales.<\/span><\/li>\n<li><span style=\"font-weight: 400; font-family: verdana, geneva, sans-serif;\"> Autoridades y trabajadores del sector p\u00fablico nacional, provincial, municipal.<\/span><\/li>\n<li><span style=\"font-weight: 400; font-family: verdana, geneva, sans-serif;\"> Personal de los servicios de justicia de turno, conforme establezcan las autoridades competentes.<\/span><\/li>\n<li><span style=\"font-weight: 400; font-family: verdana, geneva, sans-serif;\"> Personal diplom\u00e1tico y consular extranjero y de organismos internacionales espec\u00edficos.<\/span><\/li>\n<li><span style=\"font-weight: 400; font-family: verdana, geneva, sans-serif; background-color: #ffff00;\"> Personas que deban asistir a otras con discapacidad, a familiares que necesiten asistencia, a personas mayores, a ni\u00f1os, a ni\u00f1as o a adolescentes.<\/span><\/li>\n<li><span style=\"font-weight: 400; font-family: verdana, geneva, sans-serif; background-color: #ffff00;\"> Personas que deban atender una situaci\u00f3n de fuerza mayor.<\/span><\/li>\n<li><span style=\"font-weight: 400; font-family: verdana, geneva, sans-serif;\"> Personas afectadas a la realizaci\u00f3n de servicios funerarios, entierros y cremaciones, no se autorizan actividades que signifiquen reuni\u00f3n de personas.<\/span><\/li>\n<li><span style=\"font-weight: 400; font-family: verdana, geneva, sans-serif;\"> Personas afectadas a la atenci\u00f3n de comedores escolares, comunitarios y merenderos.<\/span><\/li>\n<li><span style=\"font-weight: 400; font-family: verdana, geneva, sans-serif;\"> Personal que se desempe\u00f1a en los servicios de comunicaci\u00f3n audiovisuales, radiales y gr\u00e1ficos.<\/span><\/li>\n<li><span style=\"font-weight: 400; font-family: verdana, geneva, sans-serif;\"> Personal afectado a obra p\u00fablica.<\/span><\/li>\n<li><span style=\"font-weight: 400; font-family: verdana, geneva, sans-serif; background-color: #ffff00;\"> Supermercados mayoristas y minoristas y comercios minoristas de proximidad de alimentos, higiene personal y limpieza. Farmacias. Ferreter\u00edas. Veterinarias. Provisi\u00f3n de garrafas.<\/span><\/li>\n<li><span style=\"font-weight: 400; font-family: verdana, geneva, sans-serif; background-color: #ffff00;\"> Industrias de alimentaci\u00f3n, su cadena productiva e insumos; cuando se refiere a las Industrias de alimentaci\u00f3n se entender\u00e1 a las que integran la cadena de valor e insumos de los sectores productivos de alimentaci\u00f3n y bebidas, higiene personal y limpieza, equipamiento m\u00e9dico, medicamentos, vacunas y otros insumos sanitarios.<\/span><\/li>\n<li><span style=\"font-weight: 400; font-family: verdana, geneva, sans-serif;\"> Actividades vinculadas con la producci\u00f3n, distribuci\u00f3n y comercializaci\u00f3n agropecuaria y de pesca.<\/span><\/li>\n<li><span style=\"font-weight: 400; font-family: verdana, geneva, sans-serif;\"> Actividades de telecomunicaciones, internet fija y m\u00f3vil y servicios digitales.<\/span><\/li>\n<li><span style=\"font-weight: 400; font-family: verdana, geneva, sans-serif; background-color: #ffff00;\"> Actividades impostergables vinculadas con el comercio exterior.<\/span><\/li>\n<li><span style=\"font-weight: 400; font-family: verdana, geneva, sans-serif;\"> Recolecci\u00f3n, transporte y tratamiento de residuos s\u00f3lidos urbanos, peligrosos y patog\u00e9nicos.<\/span><\/li>\n<li><span style=\"font-weight: 400; font-family: verdana, geneva, sans-serif;\"> Mantenimiento de los servicios b\u00e1sicos (agua, electricidad, gas, comunicaciones, etc.) y atenci\u00f3n de emergencias.<\/span><\/li>\n<li><span style=\"font-weight: 400; font-family: verdana, geneva, sans-serif;\"> Transporte p\u00fablico de pasajeros, transporte de mercader\u00edas, petr\u00f3leo, combustibles y GLP.<\/span><\/li>\n<li><span style=\"font-weight: 400; font-family: verdana, geneva, sans-serif; background-color: #ffff00;\"> Reparto a domicilio de alimentos, medicamentos, productos de higiene, de limpieza y otros insumos de necesidad.<\/span><\/li>\n<li><span style=\"font-weight: 400; font-family: verdana, geneva, sans-serif;\"> Servicios de lavander\u00eda.<\/span><\/li>\n<li><span style=\"font-weight: 400; font-family: verdana, geneva, sans-serif;\"> Servicios postales y de distribuci\u00f3n de paqueter\u00eda.<\/span><\/li>\n<li><span style=\"font-weight: 400; font-family: verdana, geneva, sans-serif;\"> Servicios esenciales de vigilancia, limpieza y guardia.<\/span><\/li>\n<li><span style=\"font-weight: 400; font-family: verdana, geneva, sans-serif;\"> Guardias m\u00ednimas que aseguren la operaci\u00f3n y mantenimiento plantas de industrias de Petr\u00f3leo y gas, transporte y distribuci\u00f3n de energ\u00eda el\u00e9ctrica, combustibles l\u00edquidos, petr\u00f3leo y gas, estaciones expendedoras de combustibles y generadores de energ\u00eda el\u00e9ctrica.<\/span><\/li>\n<li><span style=\"font-weight: 400; font-family: verdana, geneva, sans-serif;\"> Sociedad del Estado Casa de Moneda, servicios de cajeros autom\u00e1ticos, transporte de caudales y todas aquellas actividades que el Banco Central de la Rep\u00fablica Argentina autorice.<\/span><\/li>\n<li><span style=\"font-weight: 400; font-family: verdana, geneva, sans-serif;\"> Operaci\u00f3n de Centrales Nucleares. Hoteles afectados al servicio de emergencia sanitaria. Operaci\u00f3n de aeropuertos.\u00a0<\/span><\/li>\n<\/ol>\n<p style=\"text-align: justify;\"><span style=\"font-weight: 400; font-family: verdana, geneva, sans-serif;\">Operaci\u00f3n de garajes y estacionamientos con dotaciones m\u00ednimas.\u00a0<\/span><\/p>\n<p style=\"text-align: justify;\"><span style=\"font-family: verdana, geneva, sans-serif;\"><span style=\"font-weight: 400; background-color: #ffff00;\">Los restaurantes, locales de comidas preparadas y locales de comidas r\u00e1pidas, con servicios de reparto domiciliario.<\/span><span style=\"font-weight: 400;\">\u00a0<\/span><\/span><\/p>\n<p style=\"text-align: justify;\"><span style=\"font-weight: 400; font-family: verdana, geneva, sans-serif;\">Circulaci\u00f3n de los ministros y las ministras de los diferentes cultos a los efectos de brindar asistencia espiritual.\u00a0<\/span><\/p>\n<p style=\"text-align: justify;\"><span style=\"font-weight: 400; font-family: verdana, geneva, sans-serif;\">Todo ello en los t\u00e9rminos de la Decisi\u00f3n Administrativa N\u00b0 429\/20 art\u00edculo 1\u00b0, incisos 3, 4, 7 y 10 y art\u00edculo 2\u00b0.<\/span><\/p>\n<ol style=\"text-align: justify;\" start=\"26\">\n<li><span style=\"font-weight: 400; font-family: verdana, geneva, sans-serif;\"> Inscripci\u00f3n, identificaci\u00f3n y documentaci\u00f3n de personas, en los t\u00e9rminos de la Decisi\u00f3n Administrativa N\u00b0 450\/20, art\u00edculo 1\u00b0, inciso 8.<\/span><\/li>\n<li><span style=\"font-weight: 400; font-family: verdana, geneva, sans-serif;\"> Circulaci\u00f3n de personas con discapacidad y profesionales que las atienden.\u00a0<\/span><\/li>\n<\/ol>\n<p style=\"text-align: justify;\"><span style=\"font-weight: 400; font-family: verdana, geneva, sans-serif; background-color: #ffff00;\">Actividad bancaria con atenci\u00f3n al p\u00fablico, exclusivamente con sistema de turnos.<\/span><\/p>\n<ol style=\"text-align: justify;\" start=\"28\">\n<li><span style=\"font-weight: 400; font-family: verdana, geneva, sans-serif;\"> Actividad registral nacional y provincial, con sistema de turnos y guardias m\u00ednimas. De igual forma oficinas de rentas de las provincias, de la ciudad Aut\u00f3noma de Buenos Aires y de los municipios, establecimientos para la atenci\u00f3n de personas v\u00edctimas de violencia de g\u00e9nero. Atenci\u00f3n m\u00e9dica y odontol\u00f3gica programada, de car\u00e1cter preventivo y seguimiento de enfermedades cr\u00f3nicas, con sistema de turno previo. Laboratorios de an\u00e1lisis cl\u00ednicos y centros de diagn\u00f3stico por imagen, y \u00d3pticas.<\/span><\/li>\n<li><span style=\"font-weight: 400; font-family: verdana, geneva, sans-serif;\"> Traslado de ni\u00f1os, ni\u00f1as y adolescentes, en los t\u00e9rminos de la Decisi\u00f3n Administrativa N\u00b0 703\/20.<\/span><\/li>\n<li><span style=\"font-weight: 400; font-family: verdana, geneva, sans-serif;\"> Personal de la ANSES.<\/span><\/li>\n<\/ol>\n<p style=\"text-align: justify;\"><span style=\"text-decoration: underline;\"><span style=\"font-weight: 400; font-family: verdana, geneva, sans-serif;\">Actividades exceptuadas, pero con restricci\u00f3n del uso de transporte p\u00fablico de pasajeros. El empleador deber\u00e1 garantizar \u201cel traslado de los trabajadores sin la utilizaci\u00f3n de colectivos, trenes o subtes\u201d:<\/span><\/span><\/p>\n<ol>\n<li style=\"text-align: justify;\"><span style=\"font-weight: 400; font-family: verdana, geneva, sans-serif;\"> Industrias que se realicen bajo procesos continuos. Producci\u00f3n y distribuci\u00f3n de biocombustibles.<\/span><\/li>\n<li style=\"text-align: justify;\"><span style=\"font-family: verdana, geneva, sans-serif;\"><span style=\"font-weight: 400; background-color: #ffff00;\"> Venta de insumos y materiales de la construcci\u00f3n provistos por corralones<\/span><span style=\"font-weight: 400;\"><span style=\"background-color: #ffff00;\">.<\/span> Actividades vinculadas con la producci\u00f3n, distribuci\u00f3n y comercializaci\u00f3n forestal y minera. Curtiembres, aserraderos y f\u00e1bricas de productos de madera, f\u00e1bricas de colchones y f\u00e1bricas de maquinaria vial y agr\u00edcola. Exploraci\u00f3n, prospecci\u00f3n, producci\u00f3n, transformaci\u00f3n y comercializaci\u00f3n de combustible nuclear. Servicios imprescindibles de mantenimiento y fumigaci\u00f3n.<\/span><\/span><\/li>\n<li style=\"text-align: justify;\"><span style=\"font-family: verdana, geneva, sans-serif;\"><span style=\"font-weight: 400;\"> Talleres para mantenimiento y reparaci\u00f3n de automotores, motocicletas y bicicletas, exclusivamente para transporte p\u00fablico, veh\u00edculos de las fuerzas de seguridad y fuerzas armadas, veh\u00edculos afectados a las prestaciones de salud o al personal con autorizaci\u00f3n para circular, conforme la normativa vigente. <\/span><span style=\"font-weight: 400; background-color: #ffff00;\">Venta de repuestos, partes y piezas para automotores, motocicletas y bicicletas \u00fanicamente bajo la modalidad de entrega puerta a puerta<\/span><span style=\"font-weight: 400;\"><span style=\"background-color: #ffff00;\">.<\/span> Fabricaci\u00f3n de neum\u00e1ticos; venta y reparaci\u00f3n de los mismos exclusivamente para transporte p\u00fablico, veh\u00edculos de las fuerzas de seguridad y fuerzas armadas, veh\u00edculos afectados a las prestaciones de salud o al personal con autorizaci\u00f3n para circular, conforme la normativa vigente. <\/span><span style=\"background-color: #ffff00;\"><span style=\"font-weight: 400;\">Venta de art\u00edculos de librer\u00eda e insumos inform\u00e1ticos, exclusivamente bajo la modalidad de entrega a domicilio<\/span><span style=\"font-weight: 400;\">.<\/span><\/span><\/span><\/li>\n<li style=\"text-align: justify;\"><span style=\"font-weight: 400; font-family: verdana, geneva, sans-serif; background-color: #ffff00;\"> Actividad econ\u00f3mica desarrollada en Parques Industriales.<\/span><\/li>\n<li style=\"text-align: justify;\"><span style=\"font-weight: 400; font-family: verdana, geneva, sans-serif;\"> Producci\u00f3n para la exportaci\u00f3n, con autorizaci\u00f3n previa otorgada por el Ministerio de Desarrollo Productivo. Aquellas industrias exportadoras que requieran insumos producidos por otras cuya unidad productiva se encuentre ubicada en lugares alcanzados por el art\u00edculo 11, deber\u00e1n solicitar el funcionamiento de dichos proveedores al MINISTERIO DE DESARROLLO PRODUCTIVO. Venta de mercader\u00eda ya elaborada de comercios minoristas a trav\u00e9s de plataformas de comercio electr\u00f3nico; venta telef\u00f3nica y otros mecanismos que no requieran contacto personal con clientes y \u00fanicamente mediante la modalidad de entrega a domicilio. Peritos y liquidadores de siniestros de las compa\u00f1\u00edas aseguradoras que permitan realizar la liquidaci\u00f3n y pago de los siniestros denunciados a los beneficiarios y a las beneficiarias. En ning\u00fan caso se podr\u00e1 realizar atenci\u00f3n al p\u00fablico y todos los tr\u00e1mites deber\u00e1n hacerse en forma virtual, incluyendo los pagos correspondientes.<\/span><\/li>\n<li style=\"text-align: justify;\"><span style=\"font-weight: 400; font-family: verdana, geneva, sans-serif; background-color: #ffff00;\"> Personal afectado a la actividad de demolici\u00f3n y excavaci\u00f3n por emergencias.<\/span><\/li>\n<li style=\"text-align: justify;\"><span style=\"font-weight: 400; font-family: verdana, geneva, sans-serif;\"> Pr\u00e1ctica deportiva desarrollada por los y las atletas que se encuentran clasificados y clasificadas para los XXXII Juegos Ol\u00edmpicos.<\/span><\/li>\n<\/ol>\n","protected":false},"excerpt":{"rendered":"<p>Regir\u00e1 entre el 1 al 17 de julio en el \u00c1rea Metropolitana de Buenos Aires (AMBA) y otros puntos del pa\u00eds, con el objetivo achatar la curva de contagios de coronavirus.<\/p>\n","protected":false},"author":1,"featured_media":0,"comment_status":"closed","ping_status":"open","sticky":false,"template":"","format":"standard","meta":{"footnotes":""},"categories":[3],"tags":[],"class_list":["post-78064","post","type-post","status-publish","format-standard","hentry","category-ultimas-noticias"],"_links":{"self":[{"href":"https:\/\/ic.tecnopc.com.ar\/index.php\/wp-json\/wp\/v2\/posts\/78064","targetHints":{"allow":["GET"]}}],"collection":[{"href":"https:\/\/ic.tecnopc.com.ar\/index.php\/wp-json\/wp\/v2\/posts"}],"about":[{"href":"https:\/\/ic.tecnopc.com.ar\/index.php\/wp-json\/wp\/v2\/types\/post"}],"author":[{"embeddable":true,"href":"https:\/\/ic.tecnopc.com.ar\/index.php\/wp-json\/wp\/v2\/users\/1"}],"replies":[{"embeddable":true,"href":"https:\/\/ic.tecnopc.com.ar\/index.php\/wp-json\/wp\/v2\/comments?post=78064"}],"version-history":[{"count":0,"href":"https:\/\/ic.tecnopc.com.ar\/index.php\/wp-json\/wp\/v2\/posts\/78064\/revisions"}],"wp:attachment":[{"href":"https:\/\/ic.tecnopc.com.ar\/index.php\/wp-json\/wp\/v2\/media?parent=78064"}],"wp:term":[{"taxonomy":"category","embeddable":true,"href":"https:\/\/ic.tecnopc.com.ar\/index.php\/wp-json\/wp\/v2\/categories?post=78064"},{"taxonomy":"post_tag","embeddable":true,"href":"https:\/\/ic.tecnopc.com.ar\/index.php\/wp-json\/wp\/v2\/tags?post=78064"}],"curies":[{"name":"wp","href":"https:\/\/api.w.org\/{rel}","templated":true}]}}