{"id":78065,"date":"2020-07-13T18:10:18","date_gmt":"2020-07-13T21:10:18","guid":{"rendered":"https:\/\/iulianocooreman.com.ar\/es\/?p=75267"},"modified":"2020-07-13T18:10:18","modified_gmt":"2020-07-13T21:10:18","slug":"afip-prorroga-de-pagos-no-de-ddjj-2","status":"publish","type":"post","link":"https:\/\/ic.tecnopc.com.ar\/index.php\/2020\/07\/13\/afip-prorroga-de-pagos-no-de-ddjj-2\/","title":{"rendered":"AFIP: PRORROGA DE PAGOS NO DE DDJJ"},"content":{"rendered":"<p style=\"text-align: justify;\"><span style=\"font-weight: 400; font-family: verdana, geneva, sans-serif; color: #3366ff;\">La AFIP no cambi\u00f3 el vencimiento de las Declaraciones Juradas 2019, pero prorrog\u00f3 el pago de deudas de Ganancias y Bienes Personales de 2019, para las personas f\u00edsicas, hasta el 31 de agosto, 2020.<\/span><!--more--><\/p>\n<p style=\"text-align: justify;\"><span style=\"font-weight: 400; font-family: verdana, geneva, sans-serif;\">A trav\u00e9s de la resoluci\u00f3n general 4758\/2020, publicada hoy en el Bolet\u00edn Oficial, se determin\u00f3 que la regularizaci\u00f3n de las deudas se podr\u00e1 realizar hasta el 31 de agosto de 2020, en tres cuotas, m\u00e1s un pago a cuenta del 25%, sin considerar la categor\u00eda del Sistema de Perfil de Riesgo (SIPER) en la que los deudores se encuentren incluidos.<\/span><\/p>\n<p style=\"text-align: justify;\"><span style=\"font-weight: 400; font-family: verdana, geneva, sans-serif;\">La AFIP destac\u00f3 que la declaraci\u00f3n de la emergencia sanitaria y la instauraci\u00f3n del Aislamiento Social, Preventivo y Obligatorio (ASPO) \u201chan repercutido en la vida social y econ\u00f3mica de los habitantes de este pa\u00eds\u201d, por lo que adopt\u00f3 \u201cmedidas tendientes a facilitar a los contribuyentes y responsables el cumplimiento de sus obligaciones tributarias, con el objeto de amortiguar el impacto negativo\u201d.<\/span><\/p>\n<h4 style=\"text-align: justify;\"><span style=\"font-weight: 400; font-family: verdana, geneva, sans-serif;\">Adem\u00e1s de esto ratific\u00f3 los puntos principales del proyecto ingresado al Congreso para la ampliaci\u00f3n de la moratoria:<\/span><\/h4>\n<p style=\"text-align: justify;\"><span style=\"font-weight: 400; font-family: verdana, geneva, sans-serif;\">&#8211; Ampl\u00eda el universo de contribuyentes que pueden adherirse a todas las personas jur\u00eddicas y humanas. La moratoria vigente hasta ahora comprend\u00eda s\u00f3lo a las pymes.<\/span><\/p>\n<p style=\"text-align: justify;\"><span style=\"font-weight: 400; font-family: verdana, geneva, sans-serif;\">&#8211; Permitir\u00e1 incluir deudas vencidas hasta el 30 de junio de 2020<\/span><\/p>\n<p style=\"text-align: justify;\"><span style=\"font-weight: 400; font-family: verdana, geneva, sans-serif;\">&#8211; Ser\u00e1 posible adherirse hasta el 31 de octubre de 2020. Y la primera cuota vence el 16 de noviembre.<\/span><\/p>\n<p style=\"text-align: justify;\"><span style=\"font-weight: 400; font-family: verdana, geneva, sans-serif;\">&#8211; Plazos de hasta 96 a 120 cuotas para las obligaciones tributarias y aduaneras, seg\u00fan el tama\u00f1o de las empresas y de los individuos que se adhieran.<\/span><\/p>\n<p style=\"text-align: justify;\"><span style=\"font-weight: 400; font-family: verdana, geneva, sans-serif;\">&#8211; Plazos de hasta 48 o 60 cuotas para las obligaciones correspondientes a los recursos de la seguridad social.<\/span><\/p>\n<p style=\"text-align: justify;\"><span style=\"font-weight: 400; font-family: verdana, geneva, sans-serif;\">&#8211; Condonaci\u00f3n parcial de intereses y total de multas.<\/span><\/p>\n<p style=\"text-align: justify;\"><span style=\"font-weight: 400; font-family: verdana, geneva, sans-serif;\">&#8211; Tasa de inter\u00e9s fija del 2% mensual hasta enero de 2021 y, a partir de ese momento, se aplicar\u00e1 la tasa Badlar de los bancos privados.<\/span><\/p>\n<p style=\"text-align: justify;\"><span style=\"font-weight: 400; font-family: verdana, geneva, sans-serif;\">&#8211; Las empresas grandes que se adhieran tendr\u00e1n restricciones. Durante 24 meses no podr\u00e1n distribuir dividendos, realizar operaciones con t\u00edtulos para adquirir d\u00f3lares ni acceder al mercado cambiario (MULC) para realizar pagos a entidades vinculadas.<\/span><\/p>\n","protected":false},"excerpt":{"rendered":"<p>La AFIP no cambi\u00f3 el vencimiento de las Declaraciones Juradas 2019, pero prorrog\u00f3 el pago de deudas de Ganancias y Bienes Personales de 2019, para las personas f\u00edsicas, hasta el 31 de agosto, 2020.<\/p>\n","protected":false},"author":1,"featured_media":0,"comment_status":"closed","ping_status":"open","sticky":false,"template":"","format":"standard","meta":{"footnotes":""},"categories":[3],"tags":[],"class_list":["post-78065","post","type-post","status-publish","format-standard","hentry","category-ultimas-noticias"],"_links":{"self":[{"href":"https:\/\/ic.tecnopc.com.ar\/index.php\/wp-json\/wp\/v2\/posts\/78065","targetHints":{"allow":["GET"]}}],"collection":[{"href":"https:\/\/ic.tecnopc.com.ar\/index.php\/wp-json\/wp\/v2\/posts"}],"about":[{"href":"https:\/\/ic.tecnopc.com.ar\/index.php\/wp-json\/wp\/v2\/types\/post"}],"author":[{"embeddable":true,"href":"https:\/\/ic.tecnopc.com.ar\/index.php\/wp-json\/wp\/v2\/users\/1"}],"replies":[{"embeddable":true,"href":"https:\/\/ic.tecnopc.com.ar\/index.php\/wp-json\/wp\/v2\/comments?post=78065"}],"version-history":[{"count":0,"href":"https:\/\/ic.tecnopc.com.ar\/index.php\/wp-json\/wp\/v2\/posts\/78065\/revisions"}],"wp:attachment":[{"href":"https:\/\/ic.tecnopc.com.ar\/index.php\/wp-json\/wp\/v2\/media?parent=78065"}],"wp:term":[{"taxonomy":"category","embeddable":true,"href":"https:\/\/ic.tecnopc.com.ar\/index.php\/wp-json\/wp\/v2\/categories?post=78065"},{"taxonomy":"post_tag","embeddable":true,"href":"https:\/\/ic.tecnopc.com.ar\/index.php\/wp-json\/wp\/v2\/tags?post=78065"}],"curies":[{"name":"wp","href":"https:\/\/api.w.org\/{rel}","templated":true}]}}