{"id":78068,"date":"2020-07-24T19:56:05","date_gmt":"2020-07-24T22:56:05","guid":{"rendered":"https:\/\/iulianocooreman.com.ar\/es\/?p=75289"},"modified":"2020-07-24T19:56:05","modified_gmt":"2020-07-24T22:56:05","slug":"prorrogan-el-atp-hasta-diciembre-2","status":"publish","type":"post","link":"https:\/\/ic.tecnopc.com.ar\/index.php\/2020\/07\/24\/prorrogan-el-atp-hasta-diciembre-2\/","title":{"rendered":"PRORROGAN EL ATP HASTA DICIEMBRE"},"content":{"rendered":"<p style=\"text-align: justify;\"><span style=\"font-family: verdana, geneva, sans-serif; color: #3366ff;\">El programa ATP se extiende hasta Diciembre para sectores cr\u00edticos, el salario complementario ser\u00e1 del 50% pero con un piso de un salario m\u00ednimo vital y m\u00f3vil y un techo de un salario m\u00ednimo y medio.<\/span><!--more--><\/p>\n<p style=\"text-align: justify;\"><span style=\"font-family: verdana, geneva, sans-serif;\">El ministro de Desarrollo Productivo, Mat\u00edas Kulfas, precis\u00f3 hoy que el programa ATP ser\u00e1 \u201crecalibrado\u201d para continuar apoyando hasta diciembre a las empresas de hasta 600 ocupados cuya facturaci\u00f3n fue negativa en junio frente a 12 meses atr\u00e1s.<\/span><\/p>\n<p style=\"text-align: justify;\"><span style=\"font-family: verdana, geneva, sans-serif;\">El piso del aporte ser\u00e1 de un salario m\u00ednimo, vital y m\u00f3vil (SMVM) de 16.875 pesos y con un techo de 1.5 salario m\u00ednimo 25.312,5 pesos. Esto se aplicar\u00e1 para empresas de hasta 800 empleados registrados.<\/span><\/p>\n<p style=\"text-align: justify;\"><span style=\"font-family: verdana, geneva, sans-serif;\">Aclar\u00f3 que se mantendr\u00e1 el apoyo a las compa\u00f1\u00edas en sectores \u201ccr\u00edticos\u201d como turismo, gastronom\u00eda, salud, deportes y cultura.<\/span><\/p>\n<p style=\"text-align: justify;\"><span style=\"font-family: verdana, geneva, sans-serif;\">Cr\u00e9ditos a tasa de 0 a 30%<\/span><\/p>\n<p style=\"text-align: justify;\"><span style=\"font-family: verdana, geneva, sans-serif;\">Para las empresas cuya facturaci\u00f3n var\u00ede entre 0 y 30% respecto al a\u00f1o pasado se ofrecer\u00e1n cr\u00e9ditos a tasas subsidiadas para financiarse y cubrir el pago de los salarios.<\/span><\/p>\n<ul style=\"text-align: justify;\">\n<li><span style=\"font-family: verdana, geneva, sans-serif;\">Para aquellas cuya facturaci\u00f3n se ubique en una variaci\u00f3n de entre 0 y 10%, la tasa ser\u00e1 de 0%.<\/span><\/li>\n<li><span style=\"font-family: verdana, geneva, sans-serif;\">Para aquellas cuya facturaci\u00f3n se ubique en una variaci\u00f3n de entre 11% y 20%, la tasa ser\u00e1 de 7,5%.<\/span><\/li>\n<li><span style=\"font-family: verdana, geneva, sans-serif;\">Para aquellas cuya facturaci\u00f3n se ubique en una variaci\u00f3n de entre 21% y 30%, la tasa ser\u00e1 de 15%.<\/span><\/li>\n<\/ul>\n<p style=\"text-align: justify;\"><span style=\"font-family: verdana, geneva, sans-serif;\">La inscripci\u00f3n ser\u00e1 a trav\u00e9s de la p\u00e1gina web de la AFIP, desde la pr\u00f3xima semana.<\/span><\/p>\n<p style=\"text-align: justify;\"><span style=\"font-family: verdana, geneva, sans-serif;\">Por otro lado, no se har\u00e1 una diferenciaci\u00f3n por zonas ni regiones, sino que solo se tomar\u00e1 como par\u00e1metro la facturaci\u00f3n.<\/span><\/p>\n","protected":false},"excerpt":{"rendered":"<p>El programa ATP se extiende hasta Diciembre para sectores cr\u00edticos, el salario complementario ser\u00e1 del 50% pero con un piso de un salario m\u00ednimo vital y m\u00f3vil y un techo de un salario m\u00ednimo y medio.<\/p>\n","protected":false},"author":1,"featured_media":0,"comment_status":"closed","ping_status":"open","sticky":false,"template":"","format":"standard","meta":{"footnotes":""},"categories":[3],"tags":[],"class_list":["post-78068","post","type-post","status-publish","format-standard","hentry","category-ultimas-noticias"],"_links":{"self":[{"href":"https:\/\/ic.tecnopc.com.ar\/index.php\/wp-json\/wp\/v2\/posts\/78068","targetHints":{"allow":["GET"]}}],"collection":[{"href":"https:\/\/ic.tecnopc.com.ar\/index.php\/wp-json\/wp\/v2\/posts"}],"about":[{"href":"https:\/\/ic.tecnopc.com.ar\/index.php\/wp-json\/wp\/v2\/types\/post"}],"author":[{"embeddable":true,"href":"https:\/\/ic.tecnopc.com.ar\/index.php\/wp-json\/wp\/v2\/users\/1"}],"replies":[{"embeddable":true,"href":"https:\/\/ic.tecnopc.com.ar\/index.php\/wp-json\/wp\/v2\/comments?post=78068"}],"version-history":[{"count":0,"href":"https:\/\/ic.tecnopc.com.ar\/index.php\/wp-json\/wp\/v2\/posts\/78068\/revisions"}],"wp:attachment":[{"href":"https:\/\/ic.tecnopc.com.ar\/index.php\/wp-json\/wp\/v2\/media?parent=78068"}],"wp:term":[{"taxonomy":"category","embeddable":true,"href":"https:\/\/ic.tecnopc.com.ar\/index.php\/wp-json\/wp\/v2\/categories?post=78068"},{"taxonomy":"post_tag","embeddable":true,"href":"https:\/\/ic.tecnopc.com.ar\/index.php\/wp-json\/wp\/v2\/tags?post=78068"}],"curies":[{"name":"wp","href":"https:\/\/api.w.org\/{rel}","templated":true}]}}