{"id":78078,"date":"2020-08-28T14:21:07","date_gmt":"2020-08-28T17:21:07","guid":{"rendered":"https:\/\/iulianocooreman.com.ar\/es\/?p=75329"},"modified":"2020-08-28T14:21:07","modified_gmt":"2020-08-28T17:21:07","slug":"salio-el-atp-de-agosto-2","status":"publish","type":"post","link":"https:\/\/ic.tecnopc.com.ar\/index.php\/2020\/08\/28\/salio-el-atp-de-agosto-2\/","title":{"rendered":"SALI\u00d3 EL ATP DE AGOSTO"},"content":{"rendered":"<p style=\"text-align: justify;\"><span style=\"font-weight: 400; font-family: verdana, geneva, sans-serif; color: #3366ff;\">La Jefatura de Gabinete, a trav\u00e9s de la DA 1581\/2020, anunci\u00f3 las condiciones del programa de Asistencia al Trabajo y la Producci\u00f3n (ATP), que introduce la posibilidad de convertir los cr\u00e9ditos blandos en subsidios y se mantienen los requisitos y limitaciones sobre utilidades de los meses anteriores.<\/span><!--more--><\/p>\n<p style=\"text-align: justify;\"><span style=\"font-family: verdana, geneva, sans-serif;\"><span style=\"font-weight: 400;\">Hoy se abre la inscripci\u00f3n <\/span><span style=\"font-weight: 400;\">hasta el 3 de septiembre<\/span><span style=\"font-weight: 400;\">, para quienes opten por adherir al programa ATP de agosto, que mantiene:<\/span><\/span><\/p>\n<p style=\"text-align: justify;\"><span style=\"font-weight: 400; font-family: verdana, geneva, sans-serif;\">El dep\u00f3sito de una asignaci\u00f3n complementaria del 50% del salario neto con un tope de $25.312,50.<\/span><\/p>\n<p style=\"text-align: justify;\"><span style=\"font-weight: 400; font-family: verdana, geneva, sans-serif;\">Para las actividades en estado cr\u00edtico continuar\u00e1 siendo de $33.750,00.<\/span><\/p>\n<p style=\"text-align: justify;\"><span style=\"font-weight: 400; font-family: verdana, geneva, sans-serif;\">Se excluyen los sueldos netos superiores a $140.000,00.<\/span><\/p>\n<p style=\"text-align: justify;\"><span style=\"font-weight: 400; font-family: verdana, geneva, sans-serif;\">Para acceder a estos subsidios se comparar\u00e1n las ventas de Julio 2019 con Julio 2020. Las empresas que iniciaron actividad entre el 1\/01\/2019 y el 30\/11\/2019, comparar\u00e1n las ventas de Julio 2020 con Diciembre 2019.<\/span><\/p>\n<ol style=\"text-align: justify;\">\n<li style=\"font-weight: 400;\"><span style=\"font-weight: 400; font-family: verdana, geneva, sans-serif;\">\u00a0la variaci\u00f3n es negativa: se entrega el subsidio.<\/span><\/li>\n<li style=\"font-weight: 400;\"><span style=\"font-weight: 400; font-family: verdana, geneva, sans-serif;\">Si la variaci\u00f3n es positiva y menor a 40%: Accede a cr\u00e9dito subsidiado.<\/span><\/li>\n<li style=\"font-weight: 400;\"><span style=\"font-weight: 400; font-family: verdana, geneva, sans-serif;\">El caso anterior no aplica para empresas que tienen m\u00e1s de 800 empleados.<\/span><\/li>\n<\/ol>\n<p style=\"text-align: justify;\"><span style=\"font-weight: 400; font-family: verdana, geneva, sans-serif;\">Las empresas que tengan actividad desde el 1\u00b0 de diciembre de 2019, no deben cumplir condiciones de facturaci\u00f3n.<\/span><\/p>\n<p style=\"text-align: justify;\"><span style=\"font-weight: 400; font-family: verdana, geneva, sans-serif;\">Las empresas con actividades afectadas incluidas en la Resoluci\u00f3n, con variaci\u00f3n positiva y menor a 40% y menos de 800 empleados tendr\u00e1n acceso a cr\u00e9ditos subsidiados al 15% anual, convertibles en subsidios si cumplen con las metas de empleo que fijar\u00e1 el Ministerio de Desarrollo Productivo.<\/span><\/p>\n","protected":false},"excerpt":{"rendered":"<p>La Jefatura de Gabinete, a trav\u00e9s de la DA 1581\/2020, anunci\u00f3 las condiciones del programa de Asistencia al Trabajo y la Producci\u00f3n (ATP), que introduce la posibilidad de convertir los cr\u00e9ditos blandos en subsidios y se mantienen los requisitos y limitaciones sobre utilidades de los meses anteriores.<\/p>\n","protected":false},"author":1,"featured_media":0,"comment_status":"closed","ping_status":"open","sticky":false,"template":"","format":"standard","meta":{"footnotes":""},"categories":[3],"tags":[],"class_list":["post-78078","post","type-post","status-publish","format-standard","hentry","category-ultimas-noticias"],"_links":{"self":[{"href":"https:\/\/ic.tecnopc.com.ar\/index.php\/wp-json\/wp\/v2\/posts\/78078","targetHints":{"allow":["GET"]}}],"collection":[{"href":"https:\/\/ic.tecnopc.com.ar\/index.php\/wp-json\/wp\/v2\/posts"}],"about":[{"href":"https:\/\/ic.tecnopc.com.ar\/index.php\/wp-json\/wp\/v2\/types\/post"}],"author":[{"embeddable":true,"href":"https:\/\/ic.tecnopc.com.ar\/index.php\/wp-json\/wp\/v2\/users\/1"}],"replies":[{"embeddable":true,"href":"https:\/\/ic.tecnopc.com.ar\/index.php\/wp-json\/wp\/v2\/comments?post=78078"}],"version-history":[{"count":0,"href":"https:\/\/ic.tecnopc.com.ar\/index.php\/wp-json\/wp\/v2\/posts\/78078\/revisions"}],"wp:attachment":[{"href":"https:\/\/ic.tecnopc.com.ar\/index.php\/wp-json\/wp\/v2\/media?parent=78078"}],"wp:term":[{"taxonomy":"category","embeddable":true,"href":"https:\/\/ic.tecnopc.com.ar\/index.php\/wp-json\/wp\/v2\/categories?post=78078"},{"taxonomy":"post_tag","embeddable":true,"href":"https:\/\/ic.tecnopc.com.ar\/index.php\/wp-json\/wp\/v2\/tags?post=78078"}],"curies":[{"name":"wp","href":"https:\/\/api.w.org\/{rel}","templated":true}]}}