{"id":78099,"date":"2020-11-13T11:31:19","date_gmt":"2020-11-13T14:31:19","guid":{"rendered":"https:\/\/iulianocooreman.com.ar\/es\/?p=75403"},"modified":"2020-11-13T11:31:19","modified_gmt":"2020-11-13T14:31:19","slug":"prorrogaran-la-prohibicion-de-los-despidos-y-la-doble-indemnizacion-2","status":"publish","type":"post","link":"https:\/\/ic.tecnopc.com.ar\/index.php\/2020\/11\/13\/prorrogaran-la-prohibicion-de-los-despidos-y-la-doble-indemnizacion-2\/","title":{"rendered":"PRORROGAR\u00c1N LA PROHIBICI\u00d3N DE LOS DESPIDOS Y LA DOBLE INDEMNIZACI\u00d3N"},"content":{"rendered":"<p style=\"text-align: justify;\"><span style=\"font-weight: 400; font-family: verdana, geneva, sans-serif; color: #3366ff;\">El Gobierno extender\u00e1 la prohibici\u00f3n de los despidos, por otros 60 d\u00edas hasta Enero 2021, y la doble indemnizaci\u00f3n que penaliza las cesant\u00edas sin causa m\u00e1s all\u00e1 de sus respectivos vencimientos, hasta mediados del a\u00f1o pr\u00f3ximo.\u00a0<\/span><!--more--><\/p>\n<p style=\"text-align: justify;\"><span style=\"font-weight: 400; font-family: verdana, geneva, sans-serif;\">Ambas medidas se dar\u00edan a conocer en los pr\u00f3ximos d\u00edas, m\u00e1s cerca de las fechas de cese de cada una de ellas.\u00a0<\/span><\/p>\n<p style=\"text-align: justify;\"><span style=\"font-weight: 400; font-family: verdana, geneva, sans-serif;\">La decisi\u00f3n la deber\u00e1 plasmar el Ministerio de Trabajo en sendos decretos, deber\u00e1 contemplar los reclamos de los sectores empresarios y de la CGT que defiende las medidas como una barrera eficaz contra los despidos en el contexto de la pandemia y las restricciones al desarrollo de la actividad econ\u00f3mica.\u00a0<\/span><\/p>\n<p style=\"text-align: justify;\"><span style=\"font-weight: 400; font-family: verdana, geneva, sans-serif;\">Para la extensi\u00f3n de la doble indemnizaci\u00f3n, se eval\u00faan cambios en los topes de sueldos de los trabajadores protegidos, de modo tal de habilitar las cesant\u00edas para cargos jer\u00e1rquicos o de direcci\u00f3n sin agravar el monto legal.\u00a0<\/span><\/p>\n<p style=\"text-align: justify;\"><span style=\"font-weight: 400; font-family: verdana, geneva, sans-serif;\">La penalidad, de todos modos, no rige para las contrataciones efectuadas con posterioridad a la publicaci\u00f3n del decreto de necesidad y urgencia (DNU) 34\/2019, el primero que la implement\u00f3, ni para el sector p\u00fablico nacional.<\/span><\/p>\n","protected":false},"excerpt":{"rendered":"<p>El Gobierno extender\u00e1 la prohibici\u00f3n de los despidos, por otros 60 d\u00edas hasta Enero 2021, y la doble indemnizaci\u00f3n que penaliza las cesant\u00edas sin causa m\u00e1s all\u00e1 de sus respectivos vencimientos, hasta mediados del a\u00f1o pr\u00f3ximo.\u00a0<\/p>\n","protected":false},"author":1,"featured_media":0,"comment_status":"closed","ping_status":"open","sticky":false,"template":"","format":"standard","meta":{"footnotes":""},"categories":[3],"tags":[],"class_list":["post-78099","post","type-post","status-publish","format-standard","hentry","category-ultimas-noticias"],"_links":{"self":[{"href":"https:\/\/ic.tecnopc.com.ar\/index.php\/wp-json\/wp\/v2\/posts\/78099","targetHints":{"allow":["GET"]}}],"collection":[{"href":"https:\/\/ic.tecnopc.com.ar\/index.php\/wp-json\/wp\/v2\/posts"}],"about":[{"href":"https:\/\/ic.tecnopc.com.ar\/index.php\/wp-json\/wp\/v2\/types\/post"}],"author":[{"embeddable":true,"href":"https:\/\/ic.tecnopc.com.ar\/index.php\/wp-json\/wp\/v2\/users\/1"}],"replies":[{"embeddable":true,"href":"https:\/\/ic.tecnopc.com.ar\/index.php\/wp-json\/wp\/v2\/comments?post=78099"}],"version-history":[{"count":0,"href":"https:\/\/ic.tecnopc.com.ar\/index.php\/wp-json\/wp\/v2\/posts\/78099\/revisions"}],"wp:attachment":[{"href":"https:\/\/ic.tecnopc.com.ar\/index.php\/wp-json\/wp\/v2\/media?parent=78099"}],"wp:term":[{"taxonomy":"category","embeddable":true,"href":"https:\/\/ic.tecnopc.com.ar\/index.php\/wp-json\/wp\/v2\/categories?post=78099"},{"taxonomy":"post_tag","embeddable":true,"href":"https:\/\/ic.tecnopc.com.ar\/index.php\/wp-json\/wp\/v2\/tags?post=78099"}],"curies":[{"name":"wp","href":"https:\/\/api.w.org\/{rel}","templated":true}]}}