{"id":78104,"date":"2020-12-03T11:16:45","date_gmt":"2020-12-03T14:16:45","guid":{"rendered":"https:\/\/iulianocooreman.com.ar\/es\/?p=75418"},"modified":"2020-12-03T11:16:45","modified_gmt":"2020-12-03T14:16:45","slug":"beneficios-vencen-el-6-de-diciembre-2","status":"publish","type":"post","link":"https:\/\/ic.tecnopc.com.ar\/index.php\/2020\/12\/03\/beneficios-vencen-el-6-de-diciembre-2\/","title":{"rendered":"BENEFICIOS: VENCEN EL 6 DE DICIEMBRE"},"content":{"rendered":"<p style=\"text-align: justify;\"><span style=\"font-family: verdana, geneva, sans-serif;\"><span style=\"font-weight: 400; color: #3366ff;\">Se podr\u00e1 solicitar un solo beneficio: el Cr\u00e9dito a Tasa Subsidiada o el Programa REPRO II. S\u00f3lo hay tiempo hasta el 6 de diciembre de 2020.<\/span><!--more--><\/span><\/p>\n<ol>\n<li style=\"font-weight: 400; text-align: justify;\"><span style=\"font-weight: 400; font-family: verdana, geneva, sans-serif;\">Cr\u00e9dito a Tasa Subsidiada<\/span>\n<ul>\n<li style=\"font-weight: 400;\"><span style=\"font-weight: 400; font-family: verdana, geneva, sans-serif;\">El beneficio consiste en un cr\u00e9dito para financiar el pago de los salarios de trabajadoras y trabajadores de tu empresa.<\/span><\/li>\n<li style=\"font-weight: 400;\"><span style=\"font-weight: 400; font-family: verdana, geneva, sans-serif;\">Si tu variaci\u00f3n nominal fue negativa: Tasa de inter\u00e9s del 27% TNA.<\/span><\/li>\n<li style=\"font-weight: 400;\"><span style=\"font-weight: 400; font-family: verdana, geneva, sans-serif;\">Si tu variaci\u00f3n nominal fue igual a 0% o positiva de hasta el 35%: Tasa de inter\u00e9s del 33% TNA.<\/span><\/li>\n<li style=\"font-weight: 400;\"><span style=\"font-weight: 400; font-family: verdana, geneva, sans-serif;\">Vas a contar con 12 cuotas para la devoluci\u00f3n del cr\u00e9dito.<\/span><\/li>\n<li style=\"font-weight: 400;\"><span style=\"font-weight: 400; font-family: verdana, geneva, sans-serif;\">Vas a contar con 3 meses de gracia a partir de la acreditaci\u00f3n del importe.<\/span><\/li>\n<\/ul>\n<\/li>\n<li style=\"font-weight: 400;\"><span style=\"font-weight: 400; font-family: verdana, geneva, sans-serif;\">REPRO II<\/span>\n<ul>\n<li style=\"font-weight: 400; text-align: justify;\"><span style=\"font-weight: 400; font-family: verdana, geneva, sans-serif;\">El beneficio consiste en una suma fija a abonar a cuenta del pago de las remuneraciones de las trabajadoras y trabajadores de tu empresa. Vas a contar con este beneficio por 2 meses.<\/span><\/li>\n<li style=\"font-weight: 400; text-align: justify;\"><span style=\"font-weight: 400; font-family: verdana, geneva, sans-serif;\">El beneficio se transfiere directamente a las CBU de las trabajadoras y trabajadores.<\/span><\/li>\n<li style=\"font-weight: 400; text-align: justify;\"><span style=\"font-weight: 400; font-family: verdana, geneva, sans-serif;\">Cuando solicites el beneficio vas a tener que adjuntar:<\/span>\n<ul>\n<li style=\"font-weight: 400;\"><span style=\"font-family: verdana, geneva, sans-serif;\">Balance del Ejercicio 2019 (solo si tu empresa est\u00e1 obligada a presentar balance) certificado por el Colegio de Profesionales de Ciencias Econ\u00f3micas. La certificaci\u00f3n podr\u00e1 ser hol\u00f3grafa o digital.<\/span><\/li>\n<li style=\"font-weight: 400;\"><span style=\"font-family: verdana, geneva, sans-serif;\">Planilla electr\u00f3nica en la cual tendr\u00e1s que completar indicadores econ\u00f3micos, patrimoniales y financieros.<\/span><\/li>\n<li style=\"font-weight: 400;\"><span style=\"font-family: verdana, geneva, sans-serif;\">Certificaci\u00f3n del profesional contable indicando la veracidad de la informaci\u00f3n incluida en la planilla electr\u00f3nica.<\/span><\/li>\n<\/ul>\n<\/li>\n<li style=\"font-weight: 400; text-align: justify;\"><span style=\"font-family: verdana, geneva, sans-serif;\">Una vez ingresada toda la informaci\u00f3n, se evaluar\u00e1n todos los indicadores y podr\u00e1s visualizar el resultado a trav\u00e9s de este mismo servicio.<\/span><\/li>\n<\/ul>\n<\/li>\n<\/ol>\n","protected":false},"excerpt":{"rendered":"<p>Se podr\u00e1 solicitar un solo beneficio: el Cr\u00e9dito a Tasa Subsidiada o el Programa REPRO II. S\u00f3lo hay tiempo hasta el 6 de diciembre de 2020.<\/p>\n","protected":false},"author":1,"featured_media":0,"comment_status":"closed","ping_status":"open","sticky":false,"template":"","format":"standard","meta":{"footnotes":""},"categories":[3],"tags":[],"class_list":["post-78104","post","type-post","status-publish","format-standard","hentry","category-ultimas-noticias"],"_links":{"self":[{"href":"https:\/\/ic.tecnopc.com.ar\/index.php\/wp-json\/wp\/v2\/posts\/78104","targetHints":{"allow":["GET"]}}],"collection":[{"href":"https:\/\/ic.tecnopc.com.ar\/index.php\/wp-json\/wp\/v2\/posts"}],"about":[{"href":"https:\/\/ic.tecnopc.com.ar\/index.php\/wp-json\/wp\/v2\/types\/post"}],"author":[{"embeddable":true,"href":"https:\/\/ic.tecnopc.com.ar\/index.php\/wp-json\/wp\/v2\/users\/1"}],"replies":[{"embeddable":true,"href":"https:\/\/ic.tecnopc.com.ar\/index.php\/wp-json\/wp\/v2\/comments?post=78104"}],"version-history":[{"count":0,"href":"https:\/\/ic.tecnopc.com.ar\/index.php\/wp-json\/wp\/v2\/posts\/78104\/revisions"}],"wp:attachment":[{"href":"https:\/\/ic.tecnopc.com.ar\/index.php\/wp-json\/wp\/v2\/media?parent=78104"}],"wp:term":[{"taxonomy":"category","embeddable":true,"href":"https:\/\/ic.tecnopc.com.ar\/index.php\/wp-json\/wp\/v2\/categories?post=78104"},{"taxonomy":"post_tag","embeddable":true,"href":"https:\/\/ic.tecnopc.com.ar\/index.php\/wp-json\/wp\/v2\/tags?post=78104"}],"curies":[{"name":"wp","href":"https:\/\/api.w.org\/{rel}","templated":true}]}}