{"id":78108,"date":"2020-12-21T10:39:07","date_gmt":"2020-12-21T13:39:07","guid":{"rendered":"https:\/\/iulianocooreman.com.ar\/es\/?p=75428"},"modified":"2020-12-21T10:39:07","modified_gmt":"2020-12-21T13:39:07","slug":"promulgaron-el-impuesto-a-las-grandes-fortunas-2","status":"publish","type":"post","link":"https:\/\/ic.tecnopc.com.ar\/index.php\/2020\/12\/21\/promulgaron-el-impuesto-a-las-grandes-fortunas-2\/","title":{"rendered":"PROMULGARON EL IMPUESTO A LAS GRANDES FORTUNAS"},"content":{"rendered":"<p style=\"text-align: justify;\"><span style=\"font-weight: 400; font-family: verdana, geneva, sans-serif; color: #3366ff;\">El Gobierno nacional promulg\u00f3 hoy la Ley 27.605 que establece la creaci\u00f3n de un Aporte Solidario y Extraordinario de las grandes Fortunas &#8220;con car\u00e1cter de emergencia y por \u00fanica vez&#8221;, a fin de &#8220;morigerar los efectos de la pandemia&#8221; de coronavirus.<\/span><!--more--><\/p>\n<p style=\"text-align: justify;\"><span style=\"font-weight: 400; font-family: verdana, geneva, sans-serif;\">La norma fue sancionada el 4 de diciembre pasado; y su entrada en vigencia se oficializ\u00f3 mediante la publicaci\u00f3n del Decreto 1024\/2020 en el Bolet\u00edn Oficial, firmado por el presidente Alberto Fern\u00e1ndez; el jefe de Gabinete, Santiago Cafiero; y el ministro de Econom\u00eda, Mart\u00edn Guzm\u00e1n.<\/span><\/p>\n<p style=\"text-align: justify;\"><span style=\"font-weight: 400; font-family: verdana, geneva, sans-serif;\">La ley prev\u00e9 el cobro por \u00fanica vez de una tasa de entre el 2 y el 3,5 por ciento a los patrimonios de las personas f\u00edsicas que hayan declarado m\u00e1s de 200 millones de pesos.<\/span><\/p>\n<p style=\"text-align: justify;\"><span style=\"font-weight: 400; font-family: verdana, geneva, sans-serif;\">Estar\u00e1n alcanzadas las personas f\u00edsicas residentes en el pa\u00eds, por la totalidad de sus bienes en la Argentina y en el exterior.<\/span><\/p>\n<p style=\"text-align: justify;\"><span style=\"font-weight: 400; font-family: verdana, geneva, sans-serif;\">Tambi\u00e9n alcanza a \u201caquellas personas humanas de nacionalidad argentina cuyo domicilio o residencia se encuentre en jurisdicciones no cooperantes o jurisdicciones de baja o nula tributaci\u00f3n, en los t\u00e9rminos de los art\u00edculos 19 y 20 de la Ley de Impuesto a las Ganancias\u201d, seg\u00fan indica la ley.<\/span><\/p>\n<p style=\"text-align: justify;\"><span style=\"font-weight: 400; font-family: verdana, geneva, sans-serif;\">En tanto, los que vivan en el exterior, pagar\u00e1n por la totalidad de sus bienes en la Argentina.<\/span><\/p>\n<p style=\"text-align: justify;\"><span style=\"font-weight: 400; font-family: verdana, geneva, sans-serif;\">El monto del aporte a ingresar se basar\u00e1 en una escala publicada hoy en el Bolet\u00edn Oficial donde los porcentajes van del 2 al 3,5 por ciento, seg\u00fan la magnitud de las riquezas declaradas.<\/span><\/p>\n<p style=\"text-align: justify;\"><span style=\"font-weight: 400; font-family: verdana, geneva, sans-serif;\">Por otra parte, por el total de los bienes situados en el exterior, los contribuyentes pagar\u00e1n porcentajes que van desde el 3 al 5,25 por ciento, tambi\u00e9n en base a otra escala.<\/span><\/p>\n<p style=\"text-align: justify;\"><span style=\"font-weight: 400; font-family: verdana, geneva, sans-serif;\">Por otra parte, la ley prev\u00e9 el destino de los fondos: un 20% ser\u00e1 destinado a la compra y\/o elaboraci\u00f3n de equipamiento m\u00e9dico, otro 20% ir\u00e1 como subsidios a pymes, un 20% ser\u00e1 destinado al programa Progresar; y un 15% al Fondo de Integraci\u00f3n Socio Urbana (FISU).<\/span><\/p>\n<p style=\"text-align: justify;\"><span style=\"font-weight: 400; font-family: verdana, geneva, sans-serif;\">El 25% restante ir\u00e1 a programas y proyectos que apruebe la Secretar\u00eda de Energ\u00eda de la Naci\u00f3n vinculados a la exploraci\u00f3n, desarrollo y producci\u00f3n de gas natural.<\/span><\/p>\n<p style=\"text-align: justify;\"><span style=\"font-weight: 400; font-family: verdana, geneva, sans-serif;\">Esta actividad resulta &#8220;de inter\u00e9s p\u00fablico nacional, a trav\u00e9s de Integraci\u00f3n Energ\u00e9tica Argentina S.A., la cual viabilizar\u00e1 dichos proyectos proponiendo y acordando con YPF S.A&#8221;, detallaron las autoridades.<\/span><\/p>\n","protected":false},"excerpt":{"rendered":"<p>El Gobierno nacional promulg\u00f3 hoy la Ley 27.605 que establece la creaci\u00f3n de un Aporte Solidario y Extraordinario de las grandes Fortunas &#8220;con car\u00e1cter de emergencia y por \u00fanica vez&#8221;, a fin de &#8220;morigerar los efectos de la pandemia&#8221; de coronavirus.<\/p>\n","protected":false},"author":1,"featured_media":0,"comment_status":"closed","ping_status":"open","sticky":false,"template":"","format":"standard","meta":{"footnotes":""},"categories":[3],"tags":[],"class_list":["post-78108","post","type-post","status-publish","format-standard","hentry","category-ultimas-noticias"],"_links":{"self":[{"href":"https:\/\/ic.tecnopc.com.ar\/index.php\/wp-json\/wp\/v2\/posts\/78108","targetHints":{"allow":["GET"]}}],"collection":[{"href":"https:\/\/ic.tecnopc.com.ar\/index.php\/wp-json\/wp\/v2\/posts"}],"about":[{"href":"https:\/\/ic.tecnopc.com.ar\/index.php\/wp-json\/wp\/v2\/types\/post"}],"author":[{"embeddable":true,"href":"https:\/\/ic.tecnopc.com.ar\/index.php\/wp-json\/wp\/v2\/users\/1"}],"replies":[{"embeddable":true,"href":"https:\/\/ic.tecnopc.com.ar\/index.php\/wp-json\/wp\/v2\/comments?post=78108"}],"version-history":[{"count":0,"href":"https:\/\/ic.tecnopc.com.ar\/index.php\/wp-json\/wp\/v2\/posts\/78108\/revisions"}],"wp:attachment":[{"href":"https:\/\/ic.tecnopc.com.ar\/index.php\/wp-json\/wp\/v2\/media?parent=78108"}],"wp:term":[{"taxonomy":"category","embeddable":true,"href":"https:\/\/ic.tecnopc.com.ar\/index.php\/wp-json\/wp\/v2\/categories?post=78108"},{"taxonomy":"post_tag","embeddable":true,"href":"https:\/\/ic.tecnopc.com.ar\/index.php\/wp-json\/wp\/v2\/tags?post=78108"}],"curies":[{"name":"wp","href":"https:\/\/api.w.org\/{rel}","templated":true}]}}