{"id":78152,"date":"2021-04-23T08:11:33","date_gmt":"2021-04-23T11:11:33","guid":{"rendered":"https:\/\/iulianocooreman.com.ar\/es\/?p=75597"},"modified":"2021-04-23T08:11:33","modified_gmt":"2021-04-23T11:11:33","slug":"reprogramaron-el-repro-2","status":"publish","type":"post","link":"https:\/\/ic.tecnopc.com.ar\/index.php\/2021\/04\/23\/reprogramaron-el-repro-2\/","title":{"rendered":"REPROGRAMARON EL REPRO"},"content":{"rendered":"<p style=\"text-align: justify;\"><span style=\"font-family: verdana, geneva, sans-serif; color: #3366ff;\"><span style=\"font-weight: 400;\">El Ministerio de Trabajo, Empleo y Seguridad Social de la Naci\u00f3n, anunci\u00f3 que las fechas para inscribirse en el REPRO 2, <\/span><span style=\"font-weight: 400;\">ser\u00e1n del 26 de abril al 3 de mayo<\/span><span style=\"font-weight: 400;\">.<\/span><\/span><!--more--><\/p>\n<p style=\"text-align: justify;\"><span style=\"font-weight: 400; font-family: verdana, geneva, sans-serif;\">Recomendamos a nuestros clientes que quieran ingresar al programa, comunicar la decisi\u00f3n a la brevedad por mail o whatsapp y estar atentos a los requisitos y formalidades a presentar, enumeradas en nuestra comunicaci\u00f3n anterior.<\/span><\/p>\n<p style=\"text-align: justify;\"><span style=\"font-weight: 400; font-family: verdana, geneva, sans-serif;\">Muchas gracias.<\/span><\/p>\n","protected":false},"excerpt":{"rendered":"<p>El Ministerio de Trabajo, Empleo y Seguridad Social de la Naci\u00f3n, anunci\u00f3 que las fechas para inscribirse en el REPRO 2, ser\u00e1n del 26 de abril al 3 de mayo.<\/p>\n","protected":false},"author":1,"featured_media":0,"comment_status":"closed","ping_status":"open","sticky":false,"template":"","format":"standard","meta":{"footnotes":""},"categories":[3],"tags":[],"class_list":["post-78152","post","type-post","status-publish","format-standard","hentry","category-ultimas-noticias"],"_links":{"self":[{"href":"https:\/\/ic.tecnopc.com.ar\/index.php\/wp-json\/wp\/v2\/posts\/78152","targetHints":{"allow":["GET"]}}],"collection":[{"href":"https:\/\/ic.tecnopc.com.ar\/index.php\/wp-json\/wp\/v2\/posts"}],"about":[{"href":"https:\/\/ic.tecnopc.com.ar\/index.php\/wp-json\/wp\/v2\/types\/post"}],"author":[{"embeddable":true,"href":"https:\/\/ic.tecnopc.com.ar\/index.php\/wp-json\/wp\/v2\/users\/1"}],"replies":[{"embeddable":true,"href":"https:\/\/ic.tecnopc.com.ar\/index.php\/wp-json\/wp\/v2\/comments?post=78152"}],"version-history":[{"count":0,"href":"https:\/\/ic.tecnopc.com.ar\/index.php\/wp-json\/wp\/v2\/posts\/78152\/revisions"}],"wp:attachment":[{"href":"https:\/\/ic.tecnopc.com.ar\/index.php\/wp-json\/wp\/v2\/media?parent=78152"}],"wp:term":[{"taxonomy":"category","embeddable":true,"href":"https:\/\/ic.tecnopc.com.ar\/index.php\/wp-json\/wp\/v2\/categories?post=78152"},{"taxonomy":"post_tag","embeddable":true,"href":"https:\/\/ic.tecnopc.com.ar\/index.php\/wp-json\/wp\/v2\/tags?post=78152"}],"curies":[{"name":"wp","href":"https:\/\/api.w.org\/{rel}","templated":true}]}}