{"id":78156,"date":"2021-05-07T18:13:19","date_gmt":"2021-05-07T21:13:19","guid":{"rendered":"https:\/\/iulianocooreman.com.ar\/es\/?p=75610"},"modified":"2021-05-07T18:13:19","modified_gmt":"2021-05-07T21:13:19","slug":"empresas-en-crisis-perdonan-contribuciones-patronales-2","status":"publish","type":"post","link":"https:\/\/ic.tecnopc.com.ar\/index.php\/2021\/05\/07\/empresas-en-crisis-perdonan-contribuciones-patronales-2\/","title":{"rendered":"EMPRESAS EN CRISIS: PERDONAN CONTRIBUCIONES PATRONALES"},"content":{"rendered":"<p style=\"text-align: justify;\"><span style=\"font-weight: 400; font-family: verdana, geneva, sans-serif; color: #3366ff;\">El Gobierno anunci\u00f3 que las empresas imposibilitadas de operar o limitadas por las nuevas prohibiciones, ser\u00e1n eximidas del pago de contribuciones patronales si acaso reciben asistencia econ\u00f3mica directa del Estado.<\/span><!--more--><\/p>\n<p style=\"text-align: justify;\"><span style=\"font-weight: 400; font-family: verdana, geneva, sans-serif;\">El Ministro de Trabajo, Claudio Moroni, y la titular de la AFIP, Mercedes Marc\u00f3 Del Pont, comunicaron que los empleadores inscriptos y aceptados en el Programa de Recuperaci\u00f3n Productiva (Repro II) quedar\u00e1n exentos de las contribuciones patronales hasta el 31 de diciembre, en la medida que vayan accediendo durante el transcurso del a\u00f1o y no tendr\u00e1n tampoco ejecuciones fiscales.<\/span><\/p>\n<p style=\"text-align: justify;\"><span style=\"font-weight: 400; font-family: verdana, geneva, sans-serif;\">Los sectores m\u00e1s afectados son: Gastronom\u00eda, Hoteler\u00eda y Turismo.<\/span><\/p>\n<p style=\"text-align: justify;\"><span style=\"font-weight: 400; font-family: verdana, geneva, sans-serif;\">Tambi\u00e9n aseguraron que la AFIP &#8220;flexibilizar\u00e1 las condiciones en los planes de pago vigentes para deuda impositiva y previsional&#8221;, a pedido de las c\u00e1maras empresariales que representan a las actividades m\u00e1s golpeadas por el confinamiento.<\/span><\/p>\n","protected":false},"excerpt":{"rendered":"<p>El Gobierno anunci\u00f3 que las empresas imposibilitadas de operar o limitadas por las nuevas prohibiciones, ser\u00e1n eximidas del pago de contribuciones patronales si acaso reciben asistencia econ\u00f3mica directa del Estado.<\/p>\n","protected":false},"author":1,"featured_media":0,"comment_status":"closed","ping_status":"open","sticky":false,"template":"","format":"standard","meta":{"footnotes":""},"categories":[3],"tags":[],"class_list":["post-78156","post","type-post","status-publish","format-standard","hentry","category-ultimas-noticias"],"_links":{"self":[{"href":"https:\/\/ic.tecnopc.com.ar\/index.php\/wp-json\/wp\/v2\/posts\/78156","targetHints":{"allow":["GET"]}}],"collection":[{"href":"https:\/\/ic.tecnopc.com.ar\/index.php\/wp-json\/wp\/v2\/posts"}],"about":[{"href":"https:\/\/ic.tecnopc.com.ar\/index.php\/wp-json\/wp\/v2\/types\/post"}],"author":[{"embeddable":true,"href":"https:\/\/ic.tecnopc.com.ar\/index.php\/wp-json\/wp\/v2\/users\/1"}],"replies":[{"embeddable":true,"href":"https:\/\/ic.tecnopc.com.ar\/index.php\/wp-json\/wp\/v2\/comments?post=78156"}],"version-history":[{"count":0,"href":"https:\/\/ic.tecnopc.com.ar\/index.php\/wp-json\/wp\/v2\/posts\/78156\/revisions"}],"wp:attachment":[{"href":"https:\/\/ic.tecnopc.com.ar\/index.php\/wp-json\/wp\/v2\/media?parent=78156"}],"wp:term":[{"taxonomy":"category","embeddable":true,"href":"https:\/\/ic.tecnopc.com.ar\/index.php\/wp-json\/wp\/v2\/categories?post=78156"},{"taxonomy":"post_tag","embeddable":true,"href":"https:\/\/ic.tecnopc.com.ar\/index.php\/wp-json\/wp\/v2\/tags?post=78156"}],"curies":[{"name":"wp","href":"https:\/\/api.w.org\/{rel}","templated":true}]}}