{"id":78180,"date":"2021-07-14T13:20:18","date_gmt":"2021-07-14T16:20:18","guid":{"rendered":"https:\/\/iulianocooreman.com.ar\/es\/?p=75690"},"modified":"2021-07-14T13:20:18","modified_gmt":"2021-07-14T16:20:18","slug":"estamos-en-feria-fiscal-de-afip-2","status":"publish","type":"post","link":"https:\/\/ic.tecnopc.com.ar\/index.php\/2021\/07\/14\/estamos-en-feria-fiscal-de-afip-2\/","title":{"rendered":"ESTAMOS EN FERIA FISCAL DE AFIP"},"content":{"rendered":"<p style=\"text-align: justify;\"><span style=\"font-weight: 400; font-family: verdana, geneva, sans-serif; color: #3366ff;\">AFIP confirm\u00f3 la fecha para la feria fiscal de invierno, la cual se extender\u00e1 entre el 12 y 23 de julio, ambas fechas inclusive.<\/span><!--more--><\/p>\n<p style=\"text-align: justify;\"><span style=\"font-weight: 400; font-family: verdana, geneva, sans-serif;\">La medida establece la suspensi\u00f3n del c\u00f3mputo de los plazos vigentes en determinaciones de oficio, sumarios, multas, descargos, intimaciones y clausuras. La decisi\u00f3n est\u00e1 prevista en la Resoluci\u00f3n General N\u00b0 5026, publicada en el Bolet\u00edn Oficial.<\/span><\/p>\n<p style=\"text-align: justify;\"><span style=\"font-weight: 400; font-family: verdana, geneva, sans-serif;\">No se suspenden los vencimientos de las declaraciones juradas ni de los pagos de tributos.<\/span><\/p>\n","protected":false},"excerpt":{"rendered":"<p>AFIP confirm\u00f3 la fecha para la feria fiscal de invierno, la cual se extender\u00e1 entre el 12 y 23 de julio, ambas fechas inclusive.<\/p>\n","protected":false},"author":1,"featured_media":0,"comment_status":"closed","ping_status":"open","sticky":false,"template":"","format":"standard","meta":{"footnotes":""},"categories":[3],"tags":[],"class_list":["post-78180","post","type-post","status-publish","format-standard","hentry","category-ultimas-noticias"],"_links":{"self":[{"href":"https:\/\/ic.tecnopc.com.ar\/index.php\/wp-json\/wp\/v2\/posts\/78180","targetHints":{"allow":["GET"]}}],"collection":[{"href":"https:\/\/ic.tecnopc.com.ar\/index.php\/wp-json\/wp\/v2\/posts"}],"about":[{"href":"https:\/\/ic.tecnopc.com.ar\/index.php\/wp-json\/wp\/v2\/types\/post"}],"author":[{"embeddable":true,"href":"https:\/\/ic.tecnopc.com.ar\/index.php\/wp-json\/wp\/v2\/users\/1"}],"replies":[{"embeddable":true,"href":"https:\/\/ic.tecnopc.com.ar\/index.php\/wp-json\/wp\/v2\/comments?post=78180"}],"version-history":[{"count":0,"href":"https:\/\/ic.tecnopc.com.ar\/index.php\/wp-json\/wp\/v2\/posts\/78180\/revisions"}],"wp:attachment":[{"href":"https:\/\/ic.tecnopc.com.ar\/index.php\/wp-json\/wp\/v2\/media?parent=78180"}],"wp:term":[{"taxonomy":"category","embeddable":true,"href":"https:\/\/ic.tecnopc.com.ar\/index.php\/wp-json\/wp\/v2\/categories?post=78180"},{"taxonomy":"post_tag","embeddable":true,"href":"https:\/\/ic.tecnopc.com.ar\/index.php\/wp-json\/wp\/v2\/tags?post=78180"}],"curies":[{"name":"wp","href":"https:\/\/api.w.org\/{rel}","templated":true}]}}