{"id":78192,"date":"2021-08-24T10:23:34","date_gmt":"2021-08-24T13:23:34","guid":{"rendered":"https:\/\/iulianocooreman.com.ar\/es\/?p=75732"},"modified":"2021-08-24T10:23:34","modified_gmt":"2021-08-24T13:23:34","slug":"controladores-vieja-tecnologia-mas-plazo-2","status":"publish","type":"post","link":"https:\/\/ic.tecnopc.com.ar\/index.php\/2021\/08\/24\/controladores-vieja-tecnologia-mas-plazo-2\/","title":{"rendered":"CONTROLADORES VIEJA TECNOLOG\u00cdA: M\u00c1S PLAZO"},"content":{"rendered":"<p style=\"text-align: justify;\"><span style=\"font-size: 14pt;\"><span style=\"font-weight: 400; font-family: verdana, geneva, sans-serif; color: #3366ff;\">Los contribuyentes que tuvieran 11 o m\u00e1s controladores fiscales de vieja tecnolog\u00eda, y que deb\u00edan reemplazarlos antes del 1\/09\/2021, tienen ahora la posibilidad de solicitar un plazo adicional, que ser\u00e1 concedido o denegado por el Juez Administrativo de AFIP.\u00a0<\/span><!--more--><\/span><\/p>\n<p style=\"text-align: justify;\"><span style=\"font-weight: 400; font-family: verdana, geneva, sans-serif; font-size: 14pt;\">La fecha en que deb\u00edan efectuar el recambio obligatorio de \u201cvieja tecnolog\u00eda\u201d a \u201cnueva tecnolog\u00eda\u201d o factura electr\u00f3nica era, para:<\/span><\/p>\n<ul style=\"text-align: justify;\">\n<li style=\"font-weight: 400;\" aria-level=\"1\"><span style=\"font-weight: 400; font-family: verdana, geneva, sans-serif; font-size: 14pt;\">50 o m\u00e1s, del 1\/05\/2021 al 30\/06\/2021<\/span><\/li>\n<li style=\"font-weight: 400;\" aria-level=\"1\"><span style=\"font-weight: 400; font-family: verdana, geneva, sans-serif; font-size: 14pt;\">Entre 11 y 49 del 1\/07\/2021 al 31\/08\/2021<\/span><\/li>\n<\/ul>\n<p style=\"text-align: justify;\"><span style=\"font-weight: 400; font-family: verdana, geneva, sans-serif; font-size: 14pt;\">\u00bfC\u00f3mo solicitar m\u00e1s tiempo para el recambio de controladores fiscales?<\/span><\/p>\n<p style=\"text-align: justify;\"><span style=\"font-family: verdana, geneva, sans-serif; font-size: 14pt;\"><span style=\"font-weight: 400;\">Estos contribuyentes <\/span><span style=\"font-weight: 400;\">podr\u00e1n solicitar antes del 31-8-2021<\/span><span style=\"font-weight: 400;\">, una extensi\u00f3n del plazo, mediante el servicio con Clave Fiscal denominado \u201c<\/span><span style=\"font-weight: 400;\">Presentaciones Digitales<\/span><span style=\"font-weight: 400;\">\u201d, seleccionando el tr\u00e1mite \u201c<\/span><span style=\"font-weight: 400;\">Facturaci\u00f3n-Recambio Tecnol\u00f3gico-Solicitud plazo especial<\/span><span style=\"font-weight: 400;\">\u201d.<\/span><\/span><\/p>\n<p style=\"text-align: justify;\"><span style=\"font-weight: 400; font-family: verdana, geneva, sans-serif; font-size: 14pt;\">En dicha presentaci\u00f3n deber\u00e1n informar los siguientes datos:<\/span><\/p>\n<ol style=\"text-align: justify;\">\n<li><span style=\"font-weight: 400; font-family: verdana, geneva, sans-serif; font-size: 14pt;\">a) Cantidad de puntos de venta o emisi\u00f3n asociados a \u201cControladores Fiscales\u201d de \u201cvieja tecnolog\u00eda\u201d.<\/span><\/li>\n<li><span style=\"font-weight: 400; font-family: verdana, geneva, sans-serif; font-size: 14pt;\">b) Cantidad y detalle de puntos de venta o emisi\u00f3n destinados al recambio tecnol\u00f3gico, con indicaci\u00f3n del n\u00famero, domicilio y sistema asociado. Para ello deber\u00e1n estar previamente habilitados en el servicio con Clave Fiscal \u201cAdministraci\u00f3n de Puntos de Venta y Domicilios\u201d.<\/span><\/li>\n<li><span style=\"font-weight: 400; font-family: verdana, geneva, sans-serif; font-size: 14pt;\">c) Marca y modelo de los \u201cControladores Fiscales\u201d de \u201cnueva tecnolog\u00eda\u201d que se incorporar\u00e1n -mediante la indicaci\u00f3n de las 6 letras que los identifican-, en caso de efectuar la actualizaci\u00f3n tecnol\u00f3gica por ese medio de emisi\u00f3n de comprobantes. Asimismo, deber\u00e1 acompa\u00f1arse una nota firmada por la empresa proveedora o comercializadora autorizada de dichos controladores, en la que conste la falta del equipamiento adquirido por el contribuyente y la respectiva orden de compra, orden de pedido o factura.<\/span><\/li>\n<li><span style=\"font-weight: 400; font-family: verdana, geneva, sans-serif; font-size: 14pt;\">d) Motivo de la dificultad para cumplir con el cronograma dispuesto por AFIP. El motivo deber\u00e1 ser concreto y justificado (por ejemplo: demora en la entrega de equipos de \u201cnueva tecnolog\u00eda\u201d o en la instalaci\u00f3n\/implementaci\u00f3n de la modalidad de factura electr\u00f3nica o de la \u201cnueva tecnolog\u00eda\u201d de \u201cControladores Fiscales\u201d debido a la cantidad y ubicaci\u00f3n de los mismos, imposibilidad de alta o inicializaci\u00f3n de dichos equipos, etc.).<\/span><\/li>\n<li><span style=\"font-weight: 400; font-family: verdana, geneva, sans-serif; font-size: 14pt;\">e) Plan de implementaci\u00f3n\/instalaci\u00f3n propuesto, con el detalle de los puntos de venta o emisi\u00f3n, domicilios y equipos involucrados. El plan con el respectivo cronograma no podr\u00e1 exceder la fecha del 31 de diciembre de 2021, inclusive.<\/span><\/li>\n<\/ol>\n<p style=\"text-align: justify;\"><span style=\"font-weight: 400; font-family: verdana, geneva, sans-serif; font-size: 14pt;\">No obstante lo expuesto, AFIP podr\u00e1 requerir el aporte de otros elementos que considere necesarios para evaluar las situaciones expuestas.<\/span><\/p>\n<p style=\"text-align: justify;\"><span style=\"font-weight: 400; font-family: verdana, geneva, sans-serif; font-size: 14pt;\">El juez administrativo competente en el \u00e1mbito de la Direcci\u00f3n General Impositiva evaluar\u00e1 la procedencia de la solicitud y resolver\u00e1 su aceptaci\u00f3n o denegatoria, dentro de los 10 d\u00edas h\u00e1biles de efectuada la presentaci\u00f3n.<\/span><\/p>\n","protected":false},"excerpt":{"rendered":"<p>Los contribuyentes que tuvieran 11 o m\u00e1s controladores fiscales de vieja tecnolog\u00eda, y que deb\u00edan reemplazarlos antes del 1\/09\/2021, tienen ahora la posibilidad de solicitar un plazo adicional, que ser\u00e1 concedido o denegado por el Juez Administrativo de AFIP.\u00a0<\/p>\n","protected":false},"author":1,"featured_media":0,"comment_status":"closed","ping_status":"open","sticky":false,"template":"","format":"standard","meta":{"footnotes":""},"categories":[3],"tags":[],"class_list":["post-78192","post","type-post","status-publish","format-standard","hentry","category-ultimas-noticias"],"_links":{"self":[{"href":"https:\/\/ic.tecnopc.com.ar\/index.php\/wp-json\/wp\/v2\/posts\/78192","targetHints":{"allow":["GET"]}}],"collection":[{"href":"https:\/\/ic.tecnopc.com.ar\/index.php\/wp-json\/wp\/v2\/posts"}],"about":[{"href":"https:\/\/ic.tecnopc.com.ar\/index.php\/wp-json\/wp\/v2\/types\/post"}],"author":[{"embeddable":true,"href":"https:\/\/ic.tecnopc.com.ar\/index.php\/wp-json\/wp\/v2\/users\/1"}],"replies":[{"embeddable":true,"href":"https:\/\/ic.tecnopc.com.ar\/index.php\/wp-json\/wp\/v2\/comments?post=78192"}],"version-history":[{"count":0,"href":"https:\/\/ic.tecnopc.com.ar\/index.php\/wp-json\/wp\/v2\/posts\/78192\/revisions"}],"wp:attachment":[{"href":"https:\/\/ic.tecnopc.com.ar\/index.php\/wp-json\/wp\/v2\/media?parent=78192"}],"wp:term":[{"taxonomy":"category","embeddable":true,"href":"https:\/\/ic.tecnopc.com.ar\/index.php\/wp-json\/wp\/v2\/categories?post=78192"},{"taxonomy":"post_tag","embeddable":true,"href":"https:\/\/ic.tecnopc.com.ar\/index.php\/wp-json\/wp\/v2\/tags?post=78192"}],"curies":[{"name":"wp","href":"https:\/\/api.w.org\/{rel}","templated":true}]}}