{"id":78202,"date":"2021-10-14T22:36:20","date_gmt":"2021-10-15T01:36:20","guid":{"rendered":"https:\/\/iulianocooreman.com.ar\/es\/?p=75770"},"modified":"2021-10-14T22:36:20","modified_gmt":"2021-10-15T01:36:20","slug":"repro-ii-de-septiembre-2","status":"publish","type":"post","link":"https:\/\/ic.tecnopc.com.ar\/index.php\/2021\/10\/14\/repro-ii-de-septiembre-2\/","title":{"rendered":"REPRO II DE SEPTIEMBRE"},"content":{"rendered":"<p style=\"text-align: justify;\"><span style=\"font-weight: 400; font-family: verdana, geneva, sans-serif; color: #3366ff;\">El Ministerio de Trabajo estableci\u00f3 los requisitos de preselecci\u00f3n y selecci\u00f3n que deben cumplir empleadores para acceder al Repro II, por los salarios devengados en septiembre, hasta $22.000 a cada empleado como parte del pago mensual.<\/span><!--more--><\/p>\n<p style=\"text-align: justify;\"><span style=\"font-weight: 400; font-family: verdana, geneva, sans-serif;\">Criterios de preselecci\u00f3n:<\/span><\/p>\n<ol style=\"text-align: justify;\">\n<li style=\"font-weight: 400;\" aria-level=\"1\"><span style=\"font-weight: 400; font-family: verdana, geneva, sans-serif;\">Para sectores cr\u00edticos y no cr\u00edticos, se compara agosto 2019 con agosto 2021, y la diferencia debe dar como m\u00ednimo una ca\u00edda de 20% en t\u00e9rminos reales y un aumento como m\u00e1ximo del 70,4% en t\u00e9rminos nominales.<\/span><\/li>\n<li style=\"font-weight: 400;\" aria-level=\"1\"><span style=\"font-weight: 400; font-family: verdana, geneva, sans-serif;\">En el sector de la salud, debe dar como m\u00ednimo una variaci\u00f3n de 0% en t\u00e9rminos reales, y como m\u00e1ximo un aumento de 113% en t\u00e9rminos nominales.<\/span><\/li>\n<\/ol>\n<p style=\"text-align: justify;\"><span style=\"font-weight: 400; font-family: verdana, geneva, sans-serif;\">Beneficios:<\/span><\/p>\n<ol>\n<li style=\"font-weight: 400; text-align: justify;\" aria-level=\"1\"><span style=\"font-weight: 400; font-family: verdana, geneva, sans-serif;\">Se asigna a cada empleado $22.000 en empresas de sectores cr\u00edticos, el mismo monto que para los de salud y el mismo monto para el Programa de Asistencia de Emergencia a Trabajadores y Trabajadoras Independientes en Sectores Cr\u00edticos.<\/span><\/li>\n<li style=\"font-weight: 400; text-align: justify;\" aria-level=\"1\"><span style=\"font-weight: 400; font-family: verdana, geneva, sans-serif;\">Se asignan $ 9.000 a los no cr\u00edticos afectados.<\/span><\/li>\n<\/ol>\n","protected":false},"excerpt":{"rendered":"<p>El Ministerio de Trabajo estableci\u00f3 los requisitos de preselecci\u00f3n y selecci\u00f3n que deben cumplir empleadores para acceder al Repro II, por los salarios devengados en septiembre, hasta $22.000 a cada empleado como parte del pago mensual.<\/p>\n","protected":false},"author":1,"featured_media":0,"comment_status":"closed","ping_status":"open","sticky":false,"template":"","format":"standard","meta":{"footnotes":""},"categories":[3],"tags":[],"class_list":["post-78202","post","type-post","status-publish","format-standard","hentry","category-ultimas-noticias"],"_links":{"self":[{"href":"https:\/\/ic.tecnopc.com.ar\/index.php\/wp-json\/wp\/v2\/posts\/78202","targetHints":{"allow":["GET"]}}],"collection":[{"href":"https:\/\/ic.tecnopc.com.ar\/index.php\/wp-json\/wp\/v2\/posts"}],"about":[{"href":"https:\/\/ic.tecnopc.com.ar\/index.php\/wp-json\/wp\/v2\/types\/post"}],"author":[{"embeddable":true,"href":"https:\/\/ic.tecnopc.com.ar\/index.php\/wp-json\/wp\/v2\/users\/1"}],"replies":[{"embeddable":true,"href":"https:\/\/ic.tecnopc.com.ar\/index.php\/wp-json\/wp\/v2\/comments?post=78202"}],"version-history":[{"count":0,"href":"https:\/\/ic.tecnopc.com.ar\/index.php\/wp-json\/wp\/v2\/posts\/78202\/revisions"}],"wp:attachment":[{"href":"https:\/\/ic.tecnopc.com.ar\/index.php\/wp-json\/wp\/v2\/media?parent=78202"}],"wp:term":[{"taxonomy":"category","embeddable":true,"href":"https:\/\/ic.tecnopc.com.ar\/index.php\/wp-json\/wp\/v2\/categories?post=78202"},{"taxonomy":"post_tag","embeddable":true,"href":"https:\/\/ic.tecnopc.com.ar\/index.php\/wp-json\/wp\/v2\/tags?post=78202"}],"curies":[{"name":"wp","href":"https:\/\/api.w.org\/{rel}","templated":true}]}}