{"id":78203,"date":"2021-10-18T08:40:32","date_gmt":"2021-10-18T11:40:32","guid":{"rendered":"https:\/\/iulianocooreman.com.ar\/es\/?p=75772"},"modified":"2021-10-18T08:40:32","modified_gmt":"2021-10-18T11:40:32","slug":"afip-marcha-atras-a-la-prorroga-de-ganancias-y-bienes-personales-y-confirmacion-para-los-monotributistas-2","status":"publish","type":"post","link":"https:\/\/ic.tecnopc.com.ar\/index.php\/2021\/10\/18\/afip-marcha-atras-a-la-prorroga-de-ganancias-y-bienes-personales-y-confirmacion-para-los-monotributistas-2\/","title":{"rendered":"AFIP: MARCHA ATR\u00c1S A LA PR\u00d3RROGA DE GANANCIAS Y BIENES PERSONALES Y CONFIRMACI\u00d3N PARA LOS MONOTRIBUTISTAS."},"content":{"rendered":"<p style=\"text-align: justify;\"><span style=\"font-weight: 400; font-family: verdana, geneva, sans-serif; color: #3366ff;\">Por medio de una nueva publicaci\u00f3n, la AFIP indic\u00f3 que los mayores beneficios del mini plan alcanzar\u00edan solo a las personas jur\u00eddicas. No hay pr\u00f3rroga para quienes no ingresaron al miniplan el impuesto antes del 30 de septiembre. Confirman plan para Monotributistas.<\/span><!--more--><\/p>\n<p style=\"text-align: justify;\"><span style=\"font-weight: 400; font-family: verdana, geneva, sans-serif;\">Ante el avance del mes de octubre, sin que los aplicativos actualizaran la pr\u00f3rroga en la p\u00e1gina de AFIP, el Consejo Profesional de Ciencias Econ\u00f3micas de CABA pidi\u00f3 por nota al Organismo, que se aclare el alcance de la Resoluci\u00f3n General 5080, que prorrogaba el vencimiento del miniplan para las personas humanas, del 30 de septiembre al 30 de noviembre de 2021.<\/span><\/p>\n<p style=\"text-align: justify;\"><span style=\"font-weight: 400; font-family: verdana, geneva, sans-serif;\">Ahora la AFIP, por medio de una nueva publicaci\u00f3n en su p\u00e1gina web, indica que los mayores beneficios del miniplan, alcanzar\u00edan solo a las personas jur\u00eddicas y no a las personas humanas, ya que seg\u00fan dicha publicaci\u00f3n la extensi\u00f3n al 30 de noviembre s\u00f3lo alcanza a la no consideraci\u00f3n de la categor\u00eda de SIPER.<\/span><\/p>\n<h4 style=\"text-align: justify;\"><span style=\"font-weight: 400; font-family: verdana, geneva, sans-serif;\">Moratoria para monotributistas:<\/span><\/h4>\n<p style=\"text-align: justify;\"><span style=\"font-weight: 400; font-family: verdana, geneva, sans-serif;\">La AFIP extendi\u00f3 los plazos al 30 de noviembre, para que los Monotributistas accedan a los beneficios implementados por la Ley de Alivio Fiscal.<\/span><\/p>\n<p style=\"text-align: justify;\"><span style=\"font-weight: 400; font-family: verdana, geneva, sans-serif;\">El Organismo dispuso que se podr\u00e1n incluir las obligaciones vencidas hasta el 30 de junio de 2021, con un plan de hasta 60 cuotas, con una tasa de inter\u00e9s m\u00e1xima de 1,5% y condonaci\u00f3n de intereses y multas.<\/span><\/p>\n<h4 style=\"text-align: justify;\"><span style=\"font-weight: 400; font-family: verdana, geneva, sans-serif;\">La historia previa de la pr\u00f3rroga que no fue:<\/span><\/h4>\n<ul>\n<li style=\"font-weight: 400; text-align: justify;\" aria-level=\"1\"><span style=\"font-weight: 400; font-family: verdana, geneva, sans-serif;\">La AFIP por medio de la resoluci\u00f3n general 4959 extendi\u00f3 con car\u00e1cter excepcional el plazo para acceder al mini plan (Resoluci\u00f3n General 4057) hasta el 30 de septiembre de 2021, ya que los vencimientos de Ganancias y Bienes Personales operaban en agosto de 2021.<\/span><\/li>\n<li style=\"font-weight: 400; text-align: justify;\" aria-level=\"1\"><span style=\"font-weight: 400; font-family: verdana, geneva, sans-serif;\">Posteriormente, por medio de una gacetilla de prensa y de la Resoluci\u00f3n General 5080, se extendieron los beneficios del miniplan al 30 de noviembre de 2011.<\/span><\/li>\n<li style=\"font-weight: 400; text-align: justify;\" aria-level=\"1\"><span style=\"font-weight: 400; font-family: verdana, geneva, sans-serif;\">Desde el Consejo Profesional y distintas entidades profesionales, informan que, transitando ya octubre, la AFIP no ha puesto a disposici\u00f3n en su p\u00e1gina, en el servicio &#8220;Mis Facilidades&#8221; la posibilidad de regularizar a trav\u00e9s del Miniplan las obligaciones de Ganancias y Bienes Personales 2020 de personas humanas.<\/span><\/li>\n<li style=\"font-weight: 400; text-align: justify;\" aria-level=\"1\"><span style=\"font-weight: 400; font-family: verdana, geneva, sans-serif;\">En la nueva publicaci\u00f3n de la AFIP, solo se remarca la fecha del 30 de noviembre para el caso encuadre en el SIPER.<\/span><\/li>\n<\/ul>\n","protected":false},"excerpt":{"rendered":"<p>Por medio de una nueva publicaci\u00f3n, la AFIP indic\u00f3 que los mayores beneficios del mini plan alcanzar\u00edan solo a las personas jur\u00eddicas. No hay pr\u00f3rroga para quienes no ingresaron al miniplan el impuesto antes del 30 de septiembre. Confirman plan para Monotributistas.<\/p>\n","protected":false},"author":1,"featured_media":0,"comment_status":"closed","ping_status":"open","sticky":false,"template":"","format":"standard","meta":{"footnotes":""},"categories":[3],"tags":[],"class_list":["post-78203","post","type-post","status-publish","format-standard","hentry","category-ultimas-noticias"],"_links":{"self":[{"href":"https:\/\/ic.tecnopc.com.ar\/index.php\/wp-json\/wp\/v2\/posts\/78203","targetHints":{"allow":["GET"]}}],"collection":[{"href":"https:\/\/ic.tecnopc.com.ar\/index.php\/wp-json\/wp\/v2\/posts"}],"about":[{"href":"https:\/\/ic.tecnopc.com.ar\/index.php\/wp-json\/wp\/v2\/types\/post"}],"author":[{"embeddable":true,"href":"https:\/\/ic.tecnopc.com.ar\/index.php\/wp-json\/wp\/v2\/users\/1"}],"replies":[{"embeddable":true,"href":"https:\/\/ic.tecnopc.com.ar\/index.php\/wp-json\/wp\/v2\/comments?post=78203"}],"version-history":[{"count":0,"href":"https:\/\/ic.tecnopc.com.ar\/index.php\/wp-json\/wp\/v2\/posts\/78203\/revisions"}],"wp:attachment":[{"href":"https:\/\/ic.tecnopc.com.ar\/index.php\/wp-json\/wp\/v2\/media?parent=78203"}],"wp:term":[{"taxonomy":"category","embeddable":true,"href":"https:\/\/ic.tecnopc.com.ar\/index.php\/wp-json\/wp\/v2\/categories?post=78203"},{"taxonomy":"post_tag","embeddable":true,"href":"https:\/\/ic.tecnopc.com.ar\/index.php\/wp-json\/wp\/v2\/tags?post=78203"}],"curies":[{"name":"wp","href":"https:\/\/api.w.org\/{rel}","templated":true}]}}