{"id":78211,"date":"2021-12-13T10:26:03","date_gmt":"2021-12-13T13:26:03","guid":{"rendered":"https:\/\/iulianocooreman.com.ar\/es\/?p=75803"},"modified":"2021-12-13T10:26:03","modified_gmt":"2021-12-13T13:26:03","slug":"salio-el-repro-ii-de-noviembre-2","status":"publish","type":"post","link":"https:\/\/ic.tecnopc.com.ar\/index.php\/2021\/12\/13\/salio-el-repro-ii-de-noviembre-2\/","title":{"rendered":"SALI\u00d3 EL REPRO II DE NOVIEMBRE"},"content":{"rendered":"<p style=\"text-align: justify;\"><span style=\"font-size: 14pt;\"><span style=\"font-family: verdana, geneva, sans-serif; color: #3366ff;\"><span style=\"font-weight: 400;\">El Ministerio de Trabajo oficializ\u00f3 los requisitos de preselecci\u00f3n y selecci\u00f3n para el Programa de Recuperaci\u00f3n Productiva II (Repro II) para los salarios devengados en noviembre \u00faltimo<\/span><span style=\"font-weight: 400;\">.<\/span><\/span><!--more--><\/span><\/p>\n<p style=\"text-align: justify;\"><span style=\"font-weight: 400; font-family: verdana, geneva, sans-serif; font-size: 13pt;\">Lo hizo a trav\u00e9s de la Resoluci\u00f3n 803\/2021 publicada en el Bolet\u00edn Oficial, que adopta recomendaciones formuladas por el Comit\u00e9 de Evaluaci\u00f3n y Monitoreo del Programa Repro II en su acta n\u00famero 13.<\/span><\/p>\n<p style=\"text-align: justify;\"><span style=\"font-family: verdana, geneva, sans-serif; font-size: 14pt;\"><span style=\"font-weight: 400;\">En cuanto a los criterios de preselecci\u00f3n, se estableci\u00f3 que, para los sectores cr\u00edticos y no cr\u00edticos, se tomar\u00e1 la facturaci\u00f3n registrada en <\/span><span style=\"text-decoration: underline;\"><span style=\"font-weight: 400;\">octubre de 2019 y octubre de 2021<\/span><\/span><span style=\"font-weight: 400;\">.<\/span><\/span><\/p>\n<p style=\"text-align: justify;\"><span style=\"font-family: verdana, geneva, sans-serif; font-size: 14pt;\"><span style=\"font-weight: 400;\">El aumento de ventas <\/span><span style=\"text-decoration: underline;\"><span style=\"font-weight: 400;\">no puede ser mayor al 30%<\/span><\/span><span style=\"font-weight: 400;\"> en t\u00e9rminos reales o un aumento <\/span><span style=\"text-decoration: underline;\"><span style=\"font-weight: 400;\">m\u00e1ximo del 46,2%<\/span><\/span><span style=\"font-weight: 400;\"> en t\u00e9rminos nominales.<\/span><\/span><\/p>\n<p style=\"text-align: justify;\"><span style=\"font-weight: 400; font-family: verdana, geneva, sans-serif; font-size: 14pt;\">Ese mismo per\u00edodo de comparaci\u00f3n se utilizar\u00e1 en el sector de la salud, aunque la diferencia de facturaci\u00f3n debe dar como m\u00ednimo una variaci\u00f3n de 0% en t\u00e9rminos reales, y como m\u00e1ximo un aumento de 108,8% en t\u00e9rminos nominales.<\/span><\/p>\n<p style=\"text-align: justify;\"><span style=\"font-family: verdana, geneva, sans-serif; font-size: 14pt;\"><span style=\"font-weight: 400;\">Se considerar\u00e1 la variaci\u00f3n de la facturaci\u00f3n del <\/span><span style=\"font-weight: 400;\">IVA compras<\/span><span style=\"font-weight: 400;\"> deber\u00e1 ser <\/span><span style=\"text-decoration: underline;\"><span style=\"font-weight: 400;\">menor a 67%<\/span><\/span><span style=\"font-weight: 400;\"> para los sectores afectados cr\u00edticos y no cr\u00edticos (era del 66,6% en setiembre<\/span><span style=\"font-weight: 400;\">) <span style=\"text-decoration: underline;\">y a 108,8% para los efectores de salud<\/span> <\/span><span style=\"font-weight: 400;\">(era del 108,3%).<\/span><\/span><\/p>\n<p style=\"text-align: justify;\"><span style=\"font-weight: 400; font-family: verdana, geneva, sans-serif; font-size: 14pt;\">Otra modificaci\u00f3n consiste en que la variaci\u00f3n entre el costo laboral total y la facturaci\u00f3n para los sectores cr\u00edticos y afectados antes deb\u00eda ser superior a 0%, requerimiento que se decidi\u00f3 flexibilizar por una ca\u00edda mayor al 10%.<\/span><\/p>\n<p style=\"text-align: justify;\"><span style=\"font-weight: 400; font-family: verdana, geneva, sans-serif; font-size: 14pt;\">Se mantienen los montos en $ 22.000 para las trabajadoras y trabajadores en empresas de sectores cr\u00edticos, el mismo monto que para los de salud y para el Programa de Asistencia de Emergencia a Trabajadores y Trabajadoras Independientes en Sectores Cr\u00edticos, y en $ 9.000 a los no cr\u00edticos afectados.<\/span><\/p>\n<p style=\"text-align: justify;\"><span style=\"font-weight: 400; font-family: verdana, geneva, sans-serif; font-size: 14pt;\">A su vez, no es necesario diferenciar el par\u00e1metro de la variaci\u00f3n de la facturaci\u00f3n y del IVA compras para las empresas de acuerdo con su tama\u00f1o, ya sean de menos de 800 o de 800 o m\u00e1s trabajadores.<\/span><\/p>\n<p style=\"text-align: justify;\"><span style=\"font-weight: 400; font-family: verdana, geneva, sans-serif; font-size: 14pt;\">En tanto, para los par\u00e1metros aplicados a los indicadores incluidos de endeudamiento (mayor a 0,6), variaci\u00f3n del consumo de energ\u00eda el\u00e9ctrica y gas\u00edfera (menor a 0%) se mantienen los mismos valores definidos en marzo.<\/span><\/p>\n<p style=\"text-align: justify;\"><span style=\"font-weight: 400; font-family: verdana, geneva, sans-serif; font-size: 14pt;\">Asimismo, respecto de la variaci\u00f3n de las importaciones, debe ser de una ca\u00edda de 20% como m\u00ednimo para empresas de menos de 800 de trabajadores, y de 30% para el resto, pero de 0% para las de salud.<\/span><\/p>\n<p style=\"text-align: justify;\"><span style=\"font-weight: 400; font-family: verdana, geneva, sans-serif; font-size: 14pt;\">Al igual que en abril, el par\u00e1metro referido al indicador de liquidez corriente debe ser menor a 2,5 en todos los sectores beneficiarios del Repro II.<\/span><\/p>\n<p style=\"text-align: justify;\"><span style=\"font-weight: 400; font-family: verdana, geneva, sans-serif; font-size: 14pt;\">Adem\u00e1s, se mantiene la cantidad de indicadores en seis, reducidos en uno el mes pasado, y sigue en cuatro el n\u00famero que se deben cumplir para acceder al beneficio.<\/span><\/p>\n","protected":false},"excerpt":{"rendered":"<p>El Ministerio de Trabajo oficializ\u00f3 los requisitos de preselecci\u00f3n y selecci\u00f3n para el Programa de Recuperaci\u00f3n Productiva II (Repro II) para los salarios devengados en noviembre \u00faltimo.<\/p>\n","protected":false},"author":1,"featured_media":0,"comment_status":"closed","ping_status":"open","sticky":false,"template":"","format":"standard","meta":{"footnotes":""},"categories":[3],"tags":[],"class_list":["post-78211","post","type-post","status-publish","format-standard","hentry","category-ultimas-noticias"],"_links":{"self":[{"href":"https:\/\/ic.tecnopc.com.ar\/index.php\/wp-json\/wp\/v2\/posts\/78211","targetHints":{"allow":["GET"]}}],"collection":[{"href":"https:\/\/ic.tecnopc.com.ar\/index.php\/wp-json\/wp\/v2\/posts"}],"about":[{"href":"https:\/\/ic.tecnopc.com.ar\/index.php\/wp-json\/wp\/v2\/types\/post"}],"author":[{"embeddable":true,"href":"https:\/\/ic.tecnopc.com.ar\/index.php\/wp-json\/wp\/v2\/users\/1"}],"replies":[{"embeddable":true,"href":"https:\/\/ic.tecnopc.com.ar\/index.php\/wp-json\/wp\/v2\/comments?post=78211"}],"version-history":[{"count":0,"href":"https:\/\/ic.tecnopc.com.ar\/index.php\/wp-json\/wp\/v2\/posts\/78211\/revisions"}],"wp:attachment":[{"href":"https:\/\/ic.tecnopc.com.ar\/index.php\/wp-json\/wp\/v2\/media?parent=78211"}],"wp:term":[{"taxonomy":"category","embeddable":true,"href":"https:\/\/ic.tecnopc.com.ar\/index.php\/wp-json\/wp\/v2\/categories?post=78211"},{"taxonomy":"post_tag","embeddable":true,"href":"https:\/\/ic.tecnopc.com.ar\/index.php\/wp-json\/wp\/v2\/tags?post=78211"}],"curies":[{"name":"wp","href":"https:\/\/api.w.org\/{rel}","templated":true}]}}