{"id":78219,"date":"2022-01-21T19:59:02","date_gmt":"2022-01-21T22:59:02","guid":{"rendered":"https:\/\/iulianocooreman.com.ar\/es\/?p=75845"},"modified":"2022-01-21T19:59:02","modified_gmt":"2022-01-21T22:59:02","slug":"feria-fiscal-afip-hasta-el-31-de-enero-2","status":"publish","type":"post","link":"https:\/\/ic.tecnopc.com.ar\/index.php\/2022\/01\/21\/feria-fiscal-afip-hasta-el-31-de-enero-2\/","title":{"rendered":"FERIA FISCAL AFIP HASTA EL 31 DE ENERO"},"content":{"rendered":"<p style=\"text-align: justify;\"><span style=\"font-family: verdana, geneva, sans-serif; color: #3366ff;\">La Administraci\u00f3n Federal de Ingresos P\u00fablicos decidi\u00f3 equiparar la feria fiscal con\u00a0la\u00a0judicial al extenderla durante todo el mes de enero.\u00a0<\/span><!--more--><\/p>\n<p style=\"text-align: justify;\"><span style=\"font-family: verdana, geneva, sans-serif;\">Hasta el momento, la feria fiscal se extend\u00eda s\u00f3lo a quince d\u00edas del primer mes del a\u00f1o, pero el fisco nacional\u00a0entendi\u00f3\u00a0que &#8220;resulta aconsejable extender el per\u00edodo de\u00a0suspensi\u00f3n de los plazos\u00a0procedimentales a\u00a0todo el mes de enero\u00a0de cada a\u00f1o&#8221;.\u00a0<\/span><\/p>\n<p style=\"text-align: justify;\"><span style=\"font-family: verdana, geneva, sans-serif;\">Durante este lapso no computan los t\u00e9rminos para la contestaci\u00f3n de requerimientos, citaciones y\/o actuaciones administrativas.\u00a0\u00a0<\/span><\/p>\n<p style=\"text-align: justify;\"><span style=\"font-family: verdana, geneva, sans-serif;\">No se suspenden\u00a0los plazos de\u00a0los vencimientos para la\u00a0presentaci\u00f3n de declaraciones juradas y pagos\u00a0correspondientes a obligaciones tributarias.\u00a0<\/span><\/p>\n<p style=\"text-align: justify;\"><span style=\"font-family: verdana, geneva, sans-serif;\">Si bien AFIP contin\u00faa en\u00a0ejercicio de las facultades de verificaci\u00f3n y fiscalizaci\u00f3n,\u00a0pudiendo notificar\u00a0requerimientos e intimaciones,\u00a0durante enero\u00a0el plazo para cumplirlos comenzar\u00e1 a contar una vez finalizada la feria.\u00a0<\/span><\/p>\n","protected":false},"excerpt":{"rendered":"<p>La Administraci\u00f3n Federal de Ingresos P\u00fablicos decidi\u00f3 equiparar la feria fiscal con\u00a0la\u00a0judicial al extenderla durante todo el mes de enero.\u00a0<\/p>\n","protected":false},"author":1,"featured_media":0,"comment_status":"closed","ping_status":"open","sticky":false,"template":"","format":"standard","meta":{"footnotes":""},"categories":[3],"tags":[],"class_list":["post-78219","post","type-post","status-publish","format-standard","hentry","category-ultimas-noticias"],"_links":{"self":[{"href":"https:\/\/ic.tecnopc.com.ar\/index.php\/wp-json\/wp\/v2\/posts\/78219","targetHints":{"allow":["GET"]}}],"collection":[{"href":"https:\/\/ic.tecnopc.com.ar\/index.php\/wp-json\/wp\/v2\/posts"}],"about":[{"href":"https:\/\/ic.tecnopc.com.ar\/index.php\/wp-json\/wp\/v2\/types\/post"}],"author":[{"embeddable":true,"href":"https:\/\/ic.tecnopc.com.ar\/index.php\/wp-json\/wp\/v2\/users\/1"}],"replies":[{"embeddable":true,"href":"https:\/\/ic.tecnopc.com.ar\/index.php\/wp-json\/wp\/v2\/comments?post=78219"}],"version-history":[{"count":0,"href":"https:\/\/ic.tecnopc.com.ar\/index.php\/wp-json\/wp\/v2\/posts\/78219\/revisions"}],"wp:attachment":[{"href":"https:\/\/ic.tecnopc.com.ar\/index.php\/wp-json\/wp\/v2\/media?parent=78219"}],"wp:term":[{"taxonomy":"category","embeddable":true,"href":"https:\/\/ic.tecnopc.com.ar\/index.php\/wp-json\/wp\/v2\/categories?post=78219"},{"taxonomy":"post_tag","embeddable":true,"href":"https:\/\/ic.tecnopc.com.ar\/index.php\/wp-json\/wp\/v2\/tags?post=78219"}],"curies":[{"name":"wp","href":"https:\/\/api.w.org\/{rel}","templated":true}]}}