{"id":78226,"date":"2022-02-09T11:14:21","date_gmt":"2022-02-09T14:14:21","guid":{"rendered":"https:\/\/iulianocooreman.com.ar\/es\/?p=75863"},"modified":"2022-02-09T11:14:21","modified_gmt":"2022-02-09T14:14:21","slug":"mas-trabas-a-la-importacion-y-a-pagos-al-exterior-2","status":"publish","type":"post","link":"https:\/\/ic.tecnopc.com.ar\/index.php\/2022\/02\/09\/mas-trabas-a-la-importacion-y-a-pagos-al-exterior-2\/","title":{"rendered":"M\u00c1S TRABAS A LA IMPORTACI\u00d3N Y A PAGOS AL EXTERIOR"},"content":{"rendered":"<p style=\"text-align: justify;\"><span style=\"font-size: 14pt;\"><span style=\"font-weight: 400; font-family: verdana, geneva, sans-serif; color: #3366ff;\">La AFIP viene instrumentado medidas de control de las importaciones y pagos al exterior, con el argumento de evitar maniobras, pero que terminaron afectando a los importadores cumplidores que ven reducido su CEF de manera incomprensible y limitados sus giros por compras en el exterior.<\/span><!--more--><\/span><\/p>\n<p style=\"text-align: justify;\"><span style=\"font-weight: 400; font-family: verdana, geneva, sans-serif; font-size: 14pt;\">Con la implementaci\u00f3n en enero del SIMPES (Sistema Integral de Monitoreo de Pagos al Exterior de Servicios) el gobierno sigue sumando trabas para evitar una ca\u00edda a\u00fan m\u00e1s profunda de sus reservas.<\/span><\/p>\n<p style=\"text-align: justify;\"><span style=\"font-weight: 400; font-family: verdana, geneva, sans-serif; font-size: 14pt;\">Las empresas del sector productivo y las importadoras sumaron nuevas dificultades para acceder a d\u00f3lares.<\/span><\/p>\n<p style=\"text-align: justify;\"><span style=\"font-weight: 400; font-family: verdana, geneva, sans-serif; font-size: 14pt;\">Adicionalmente, muchos importadores que cumpl\u00edan estrictamente sus obligaciones comenzaron a notar que su Capacidad Econ\u00f3mica Financiera (CEF) se reduc\u00eda o pasaba a cero sin posibilidad comprender la raz\u00f3n de tal reducci\u00f3n.\u00a0<\/span><\/p>\n<p style=\"text-align: justify;\"><span style=\"font-weight: 400; font-family: verdana, geneva, sans-serif; font-size: 14pt;\">Ahora el control de la CEF se har\u00e1 cada 30 d\u00edas, cuando antes se realizaba de forma autom\u00e1tica.<\/span><\/p>\n<p style=\"text-align: justify;\"><span style=\"font-weight: 400; font-family: verdana, geneva, sans-serif; font-size: 14pt;\">La Uni\u00f3n Industrial Argentina (UIA) elevara un reclamo a la AFIP. De hecho, ya est\u00e1 prevista una reuni\u00f3n entre ambas partes para analizar la problem\u00e1tica.<\/span><\/p>\n","protected":false},"excerpt":{"rendered":"<p>La AFIP viene instrumentado medidas de control de las importaciones y pagos al exterior, con el argumento de evitar maniobras, pero que terminaron afectando a los importadores cumplidores que ven reducido su CEF de manera incomprensible y limitados sus giros por compras en el exterior.<\/p>\n","protected":false},"author":1,"featured_media":0,"comment_status":"closed","ping_status":"open","sticky":false,"template":"","format":"standard","meta":{"footnotes":""},"categories":[3],"tags":[],"class_list":["post-78226","post","type-post","status-publish","format-standard","hentry","category-ultimas-noticias"],"_links":{"self":[{"href":"https:\/\/ic.tecnopc.com.ar\/index.php\/wp-json\/wp\/v2\/posts\/78226","targetHints":{"allow":["GET"]}}],"collection":[{"href":"https:\/\/ic.tecnopc.com.ar\/index.php\/wp-json\/wp\/v2\/posts"}],"about":[{"href":"https:\/\/ic.tecnopc.com.ar\/index.php\/wp-json\/wp\/v2\/types\/post"}],"author":[{"embeddable":true,"href":"https:\/\/ic.tecnopc.com.ar\/index.php\/wp-json\/wp\/v2\/users\/1"}],"replies":[{"embeddable":true,"href":"https:\/\/ic.tecnopc.com.ar\/index.php\/wp-json\/wp\/v2\/comments?post=78226"}],"version-history":[{"count":0,"href":"https:\/\/ic.tecnopc.com.ar\/index.php\/wp-json\/wp\/v2\/posts\/78226\/revisions"}],"wp:attachment":[{"href":"https:\/\/ic.tecnopc.com.ar\/index.php\/wp-json\/wp\/v2\/media?parent=78226"}],"wp:term":[{"taxonomy":"category","embeddable":true,"href":"https:\/\/ic.tecnopc.com.ar\/index.php\/wp-json\/wp\/v2\/categories?post=78226"},{"taxonomy":"post_tag","embeddable":true,"href":"https:\/\/ic.tecnopc.com.ar\/index.php\/wp-json\/wp\/v2\/tags?post=78226"}],"curies":[{"name":"wp","href":"https:\/\/api.w.org\/{rel}","templated":true}]}}