{"id":78228,"date":"2022-02-21T08:51:10","date_gmt":"2022-02-21T11:51:10","guid":{"rendered":"https:\/\/iulianocooreman.com.ar\/es\/?p=75873"},"modified":"2022-02-21T08:51:10","modified_gmt":"2022-02-21T11:51:10","slug":"afip-a-la-pesca-de-empleados-2","status":"publish","type":"post","link":"https:\/\/ic.tecnopc.com.ar\/index.php\/2022\/02\/21\/afip-a-la-pesca-de-empleados-2\/","title":{"rendered":"AFIP: A LA PESCA DE EMPLEADOS"},"content":{"rendered":"<p style=\"text-align: justify;\"><span style=\"font-weight: 400; font-family: verdana, geneva, sans-serif; color: #3366ff;\">La AFIP va a inducir a regularizar empleos no registrados, a contribuyentes que tuvieron actividad en 2021, o que muestran otros par\u00e1metros como, indicios sobre una actividad, o que cuenten con Certificado Pyme con todos sus beneficios, y que no tienen personal a cargo.\u00a0<\/span><!--more--><\/p>\n<p style=\"text-align: justify;\"><span style=\"font-weight: 400; font-family: verdana, geneva, sans-serif;\">Las Notas que llegar\u00e1n informar\u00e1n sobre la informaci\u00f3n disponible en los registros del Organismo, e indicar\u00e1: \u2026 Usted desarroll\u00f3 actividad econ\u00f3mica durante el a\u00f1o 2021 y, asimismo, que cuenta con un certificado MiPyMe que le permite acceder a distintos beneficios. Sin embargo, a pesar de las actividades desarrolladas y las caracter\u00edsticas del sector donde se encuentra registrado, Usted no figura registrado como empleador.<\/span><\/p>\n<p style=\"text-align: justify;\"><span style=\"font-weight: 400; font-family: verdana, geneva, sans-serif;\">Por ese motivo, le sugerimos revisar dicha situaci\u00f3n para que, si corresponde, proceda a inscribirse y registrar a sus trabajadoras y a sus trabajadores. La omisi\u00f3n de la retenci\u00f3n de aportes y el pago de las contribuciones sociales son pasibles de sanciones.<\/span><\/p>\n<p style=\"text-align: justify;\"><span style=\"font-weight: 400; font-family: verdana, geneva, sans-serif;\">Todos los trabajadores tienen derecho a vacaciones, licencias varias, acceso a una obra social, jubilaci\u00f3n y ART en caso de sufrir un accidente laboral. El empleo registrado es inclusi\u00f3n social y promueve una sociedad justa.<\/span><\/p>\n<p style=\"text-align: justify;\"><span style=\"font-family: verdana, geneva, sans-serif;\"><span style=\"font-weight: 400;\">Puede consultar m\u00e1s informaci\u00f3n en el micrositio <\/span><a href=\"http:\/\/www.afip.gob.ar\/relaciones-laborales\"><span style=\"font-weight: 400;\">www.afip.gob.ar\/relaciones-laborales<\/span><\/a><span style=\"font-weight: 400;\">\u00a0<\/span><\/span><\/p>\n<p>&nbsp;<\/p>\n","protected":false},"excerpt":{"rendered":"<p>La AFIP va a inducir a regularizar empleos no registrados, a contribuyentes que tuvieron actividad en 2021, o que muestran otros par\u00e1metros como, indicios sobre una actividad, o que cuenten con Certificado Pyme con todos sus beneficios, y que no tienen personal a cargo.\u00a0<\/p>\n","protected":false},"author":1,"featured_media":0,"comment_status":"closed","ping_status":"open","sticky":false,"template":"","format":"standard","meta":{"footnotes":""},"categories":[3],"tags":[],"class_list":["post-78228","post","type-post","status-publish","format-standard","hentry","category-ultimas-noticias"],"_links":{"self":[{"href":"https:\/\/ic.tecnopc.com.ar\/index.php\/wp-json\/wp\/v2\/posts\/78228","targetHints":{"allow":["GET"]}}],"collection":[{"href":"https:\/\/ic.tecnopc.com.ar\/index.php\/wp-json\/wp\/v2\/posts"}],"about":[{"href":"https:\/\/ic.tecnopc.com.ar\/index.php\/wp-json\/wp\/v2\/types\/post"}],"author":[{"embeddable":true,"href":"https:\/\/ic.tecnopc.com.ar\/index.php\/wp-json\/wp\/v2\/users\/1"}],"replies":[{"embeddable":true,"href":"https:\/\/ic.tecnopc.com.ar\/index.php\/wp-json\/wp\/v2\/comments?post=78228"}],"version-history":[{"count":0,"href":"https:\/\/ic.tecnopc.com.ar\/index.php\/wp-json\/wp\/v2\/posts\/78228\/revisions"}],"wp:attachment":[{"href":"https:\/\/ic.tecnopc.com.ar\/index.php\/wp-json\/wp\/v2\/media?parent=78228"}],"wp:term":[{"taxonomy":"category","embeddable":true,"href":"https:\/\/ic.tecnopc.com.ar\/index.php\/wp-json\/wp\/v2\/categories?post=78228"},{"taxonomy":"post_tag","embeddable":true,"href":"https:\/\/ic.tecnopc.com.ar\/index.php\/wp-json\/wp\/v2\/tags?post=78228"}],"curies":[{"name":"wp","href":"https:\/\/api.w.org\/{rel}","templated":true}]}}