{"id":78233,"date":"2022-03-31T14:01:05","date_gmt":"2022-03-31T17:01:05","guid":{"rendered":"https:\/\/iulianocooreman.com.ar\/es\/?p=75892"},"modified":"2022-03-31T14:01:05","modified_gmt":"2022-03-31T17:01:05","slug":"censo-como-llenar-el-formulario-2","status":"publish","type":"post","link":"https:\/\/ic.tecnopc.com.ar\/index.php\/2022\/03\/31\/censo-como-llenar-el-formulario-2\/","title":{"rendered":"CENSO: COMO LLENAR EL FORMULARIO"},"content":{"rendered":"<p style=\"text-align: justify;\"><span style=\"font-weight: 400; font-family: verdana, geneva, sans-serif; color: #3366ff;\">Ya se puede completar el cuestionario en forma digital y habr\u00e1 tiempo hasta el 18 de mayo.<\/span><!--more--><\/p>\n<p style=\"text-align: justify;\"><span style=\"font-weight: 400; font-family: verdana, geneva, sans-serif;\">Quienes\u00a0censarse de modo anticipado, en forma electr\u00f3nica, podr\u00e1n hacerlo a trav\u00e9s del cuestionario digital que dispondr\u00e1 el Indec, al que se podr\u00e1 acceder desde un m\u00f3vil, computadora u otro tipo de dispositivo electr\u00f3nico.<\/span><\/p>\n<p style=\"text-align: justify;\"><span style=\"font-weight: 400; font-family: verdana, geneva, sans-serif;\">Luego, el comprobante de realizaci\u00f3n deber\u00e1 mostrarse al censista que concurra al domicilio el 18 de mayo, cuando se realice el registro estad\u00edstico de modo presencial en simult\u00e1neo en todo el pa\u00eds.<\/span><\/p>\n<p style=\"text-align: justify;\"><span style=\"font-weight: 400; font-family: verdana, geneva, sans-serif;\">\u00bfQu\u00e9 datos se pedir\u00e1n en el Censo?<\/span><\/p>\n<p style=\"text-align: justify;\"><span style=\"font-family: verdana, geneva, sans-serif;\"><span style=\"font-weight: 400;\">Las personas que completen el formulario de manera virtual en el sitio oficial\u00a0<\/span><a href=\"https:\/\/censo.gob.ar\/index.php\/censo-digital\/\"><span style=\"font-weight: 400;\">https:\/\/censo.gob.ar<\/span><\/a><b>\u00a0<\/b><span style=\"font-weight: 400;\">recibir\u00e1n en su casilla de correo electr\u00f3nico un comprobante con un c\u00f3digo alfanum\u00e9rico de seis d\u00edgitos que deber\u00e1 ser presentado el pr\u00f3ximo 18 de mayo, decretado feriado nacional.<\/span><\/span><\/p>\n<p style=\"text-align: justify;\"><span style=\"font-family: verdana, geneva, sans-serif;\"><b>El cuestionario online deber\u00e1 ser respondido por una persona en nombre de todos los habitantes de la vivienda<\/b><span style=\"font-weight: 400;\">, por lo que se recomienda \u201ccongregar a todo el conjunto familiar\u201d al momento de completar los datos para que se cumpla el objetivo de \u201ccontar, sin omitir ni duplicar, a todas y a cada una de las personas\u201d, explic\u00f3 el Indec.<\/span><\/span><\/p>\n<p style=\"text-align: justify;\"><span style=\"font-weight: 400; font-family: verdana, geneva, sans-serif;\">Residencia habitual<\/span><\/p>\n<p style=\"text-align: justify;\"><span style=\"font-family: verdana, geneva, sans-serif;\"><span style=\"font-weight: 400;\">Otra de las particularidades de esta edici\u00f3n es que por primera vez<\/span><b>\u00a0se har\u00e1 un censo de derecho<\/b><span style=\"font-weight: 400;\">, donde\u00a0<\/span><b>las personas ser\u00e1n registradas seg\u00fan su lugar de residencia habitua<\/b><span style=\"font-weight: 400;\">l, lo que reemplazar\u00e1 a la tradicional modalidad \u201cde hecho\u201d que las contabilizaba seg\u00fan el lugar en el que hab\u00edan pasado la noche anterior al d\u00eda del censo.<\/span><\/span><\/p>\n<p style=\"text-align: justify;\"><span style=\"font-family: verdana, geneva, sans-serif;\"><span style=\"font-weight: 400;\">Ante la circulaci\u00f3n de informaci\u00f3n falsa,\u00a0<\/span><b>el Indec aclar\u00f3 que en el cuestionario no se preguntar\u00e1 el DNI ni el apellido de las personas<\/b><span style=\"font-weight: 400;\">, y tampoco se indagar\u00e1 sobre los i<\/span><b>ngresos del hogar, la vacunaci\u00f3n contra el coronavirus, el correo electr\u00f3nico o el n\u00famero de tel\u00e9fono.<\/b><\/span><\/p>\n","protected":false},"excerpt":{"rendered":"<p>Ya se puede completar el cuestionario en forma digital y habr\u00e1 tiempo hasta el 18 de mayo.<\/p>\n","protected":false},"author":1,"featured_media":0,"comment_status":"closed","ping_status":"open","sticky":false,"template":"","format":"standard","meta":{"footnotes":""},"categories":[3],"tags":[],"class_list":["post-78233","post","type-post","status-publish","format-standard","hentry","category-ultimas-noticias"],"_links":{"self":[{"href":"https:\/\/ic.tecnopc.com.ar\/index.php\/wp-json\/wp\/v2\/posts\/78233","targetHints":{"allow":["GET"]}}],"collection":[{"href":"https:\/\/ic.tecnopc.com.ar\/index.php\/wp-json\/wp\/v2\/posts"}],"about":[{"href":"https:\/\/ic.tecnopc.com.ar\/index.php\/wp-json\/wp\/v2\/types\/post"}],"author":[{"embeddable":true,"href":"https:\/\/ic.tecnopc.com.ar\/index.php\/wp-json\/wp\/v2\/users\/1"}],"replies":[{"embeddable":true,"href":"https:\/\/ic.tecnopc.com.ar\/index.php\/wp-json\/wp\/v2\/comments?post=78233"}],"version-history":[{"count":0,"href":"https:\/\/ic.tecnopc.com.ar\/index.php\/wp-json\/wp\/v2\/posts\/78233\/revisions"}],"wp:attachment":[{"href":"https:\/\/ic.tecnopc.com.ar\/index.php\/wp-json\/wp\/v2\/media?parent=78233"}],"wp:term":[{"taxonomy":"category","embeddable":true,"href":"https:\/\/ic.tecnopc.com.ar\/index.php\/wp-json\/wp\/v2\/categories?post=78233"},{"taxonomy":"post_tag","embeddable":true,"href":"https:\/\/ic.tecnopc.com.ar\/index.php\/wp-json\/wp\/v2\/tags?post=78233"}],"curies":[{"name":"wp","href":"https:\/\/api.w.org\/{rel}","templated":true}]}}