{"id":78251,"date":"2022-07-18T12:47:37","date_gmt":"2022-07-18T15:47:37","guid":{"rendered":"https:\/\/iulianocooreman.com.ar\/es\/?p=75958"},"modified":"2022-07-18T12:47:37","modified_gmt":"2022-07-18T15:47:37","slug":"monotributo-recategorizacion-hasta-el-29-7-2","status":"publish","type":"post","link":"https:\/\/ic.tecnopc.com.ar\/index.php\/2022\/07\/18\/monotributo-recategorizacion-hasta-el-29-7-2\/","title":{"rendered":"MONOTRIBUTO: RECATEGORIZACI\u00d3N HASTA EL 29\/7"},"content":{"rendered":"<p style=\"text-align: justify;\"><span style=\"font-weight: 400; font-size: 14pt; font-family: verdana, geneva, sans-serif; color: #3366ff;\">La recategorizaci\u00f3n semestral del Monotributo se puso en vigencia y permanecer\u00e1 abierta hasta el 29 de julio pr\u00f3ximo.<\/span><!--more--><\/p>\n<p style=\"text-align: justify;\"><span style=\"font-weight: 400; font-size: 14pt; font-family: verdana, geneva, sans-serif;\">La recategorizaci\u00f3n consiste en la evaluaci\u00f3n de la actividad de los \u00faltimos 12 meses para determinar si deben mantener la categor\u00eda en la que se encuentran o modificarla.<\/span><\/p>\n<p style=\"text-align: justify;\"><span style=\"font-weight: 400; font-size: 14pt; font-family: verdana, geneva, sans-serif;\">Por su parte, la ley 27.676 ampli\u00f3 los l\u00edmites de facturaci\u00f3n m\u00e1xima por categor\u00eda del monotributo, permitiendo que, de corresponder, los monotributistas permanezcan en los niveles actuales sin ver incrementados los valores de sus obligaciones mensuales.<\/span><\/p>\n<p style=\"text-align: justify;\"><span style=\"font-weight: 400; font-size: 14pt; font-family: verdana, geneva, sans-serif;\">Adem\u00e1s, se estableci\u00f3 la exenci\u00f3n del componente impositivo de la obligaci\u00f3n mensual para peque\u00f1os contribuyentes registrados en las categor\u00edas A y B, siempre que perciban la totalidad de sus ingresos a trav\u00e9s del monotributo, es decir, que no se tenga un trabajo en relaci\u00f3n de dependencia o se cobre una jubilaci\u00f3n o se perciban rentas financieras o ingresos por alquileres.<\/span><\/p>\n","protected":false},"excerpt":{"rendered":"<p>La recategorizaci\u00f3n semestral del Monotributo se puso en vigencia y permanecer\u00e1 abierta hasta el 29 de julio pr\u00f3ximo.<\/p>\n","protected":false},"author":1,"featured_media":0,"comment_status":"closed","ping_status":"open","sticky":false,"template":"","format":"standard","meta":{"footnotes":""},"categories":[3],"tags":[],"class_list":["post-78251","post","type-post","status-publish","format-standard","hentry","category-ultimas-noticias"],"_links":{"self":[{"href":"https:\/\/ic.tecnopc.com.ar\/index.php\/wp-json\/wp\/v2\/posts\/78251","targetHints":{"allow":["GET"]}}],"collection":[{"href":"https:\/\/ic.tecnopc.com.ar\/index.php\/wp-json\/wp\/v2\/posts"}],"about":[{"href":"https:\/\/ic.tecnopc.com.ar\/index.php\/wp-json\/wp\/v2\/types\/post"}],"author":[{"embeddable":true,"href":"https:\/\/ic.tecnopc.com.ar\/index.php\/wp-json\/wp\/v2\/users\/1"}],"replies":[{"embeddable":true,"href":"https:\/\/ic.tecnopc.com.ar\/index.php\/wp-json\/wp\/v2\/comments?post=78251"}],"version-history":[{"count":0,"href":"https:\/\/ic.tecnopc.com.ar\/index.php\/wp-json\/wp\/v2\/posts\/78251\/revisions"}],"wp:attachment":[{"href":"https:\/\/ic.tecnopc.com.ar\/index.php\/wp-json\/wp\/v2\/media?parent=78251"}],"wp:term":[{"taxonomy":"category","embeddable":true,"href":"https:\/\/ic.tecnopc.com.ar\/index.php\/wp-json\/wp\/v2\/categories?post=78251"},{"taxonomy":"post_tag","embeddable":true,"href":"https:\/\/ic.tecnopc.com.ar\/index.php\/wp-json\/wp\/v2\/tags?post=78251"}],"curies":[{"name":"wp","href":"https:\/\/api.w.org\/{rel}","templated":true}]}}